{"id":103080,"date":"2025-10-09T05:55:16","date_gmt":"2025-10-09T05:55:16","guid":{"rendered":"https:\/\/www.europesays.com\/pt\/103080\/"},"modified":"2025-10-09T05:55:16","modified_gmt":"2025-10-09T05:55:16","slug":"casa-dos-segredos-irma-de-fabio-foge-da-liliana-como-o-diabo-da-cruz","status":"publish","type":"post","link":"https:\/\/www.europesays.com\/pt\/103080\/","title":{"rendered":"Casa dos Segredos &#8211; Irm\u00e3 de F\u00e1bio foge da Liliana como o diabo da cruz!"},"content":{"rendered":"<p>  <img width=\"780\" height=\"470\" src=\"https:\/\/www.europesays.com\/pt\/wp-content\/uploads\/2025\/10\/liliana-e-cunhada-780x470.jpg\" alt=\"Casa dos Segredos - Irm\u00e3 de F\u00e1bio foge da Liliana como o diabo da cruz!\" data-main-img=\"1\" decoding=\"async\" fetchpriority=\"high\"\/>   Casa dos Segredos &#8211; Irm\u00e3 de F\u00e1bio foge da Liliana como o diabo da cruz!A futura cunhada de Liliana, e ex-noiva da Casa dos Segredos, n\u00e3o gosta dela nem um pouco.<\/p>\n<p>J\u00e1 ontem tinha deixado um coment\u00e1rio das redes sociais, algo\u2026 explosivo. Hoje, voltou \u00e0 carga,<strong> \u201cTalvez porque ela pr\u00f3pria o est\u00e1 a incendiar contra o Pedro, n\u00e3o? Ainda ontem lhe foi picar a dizer que o Pedro queria tomar banho com ela\u2026 qual a ideia desta mi\u00fada afinal?\u201d.<\/strong><\/p>\n<p><strong><a href=\"https:\/\/dioguinho.com\/bronca-ze-ex-noivo-acusado-de-traicao-por-liliana-esta-a-ficar-farto-e-falou\/\" rel=\"nofollow noopener\" target=\"_blank\">Quem tambem anda farto disto tudo \u00e9 o Z\u00e9, ex-noivo, e nas redes sociais falou<\/a><\/strong>,\u201cEu prometo que me vou manter de boca fechada at\u00e9 ao dia em que n\u00e3o conseguir mais. Sempre achei que, para al\u00e9m de tudo o que se passou nas \u00faltimas semanas, ela n\u00e3o fosse capaz de entrar por este caminho para se limpar. Mas de facto, est\u00e1 a mostrar-me que \u00e9 capaz de tudo.\u201d<\/p>\n<p><a href=\"https:\/\/www.europesays.com\/pt\/wp-content\/uploads\/2025\/10\/venassss.png\">  <img loading=\"lazy\" decoding=\"async\" src=\"https:\/\/www.europesays.com\/pt\/wp-content\/uploads\/2025\/10\/venassss.png\" alt=\"Casa dos Segredos - Irm\u00e3 de F\u00e1bio foge da Liliana como o diabo da cruz!\" width=\"659\" height=\"462\"  \/>  <\/a><\/p>\n","protected":false},"excerpt":{"rendered":"Casa dos Segredos &#8211; Irm\u00e3 de F\u00e1bio foge da Liliana como o diabo da cruz!A futura cunhada de&hellip;\n","protected":false},"author":2,"featured_media":103081,"comment_status":"","ping_status":"","sticky":false,"template":"","format":"standard","meta":{"footnotes":""},"categories":[142],"tags":[2632,13471,20079,114,115,32,33,6985,16686,20081,20082,151,162],"class_list":{"0":"post-103080","1":"post","2":"type-post","3":"status-publish","4":"format-standard","5":"has-post-thumbnail","7":"category-tv","8":"tag-casa-dos-segredos","9":"tag-casa-dos-segredos-9","10":"tag-concorrentes-casa-dos-segredos","11":"tag-entertainment","12":"tag-entretenimento","13":"tag-portugal","14":"tag-pt","15":"tag-secret-story-casa-dos-segredos","16":"tag-secret-story-9","17":"tag-sondagem-casa-dos-segredos","18":"tag-sondagens-casa-dos-segredos","19":"tag-tv","20":"tag-tvi"},"share_on_mastodon":{"url":"","error":""},"_links":{"self":[{"href":"https:\/\/www.europesays.com\/pt\/wp-json\/wp\/v2\/posts\/103080","targetHints":{"allow":["GET"]}}],"collection":[{"href":"https:\/\/www.europesays.com\/pt\/wp-json\/wp\/v2\/posts"}],"about":[{"href":"https:\/\/www.europesays.com\/pt\/wp-json\/wp\/v2\/types\/post"}],"author":[{"embeddable":true,"href":"https:\/\/www.europesays.com\/pt\/wp-json\/wp\/v2\/users\/2"}],"replies":[{"embeddable":true,"href":"https:\/\/www.europesays.com\/pt\/wp-json\/wp\/v2\/comments?post=103080"}],"version-history":[{"count":0,"href":"https:\/\/www.europesays.com\/pt\/wp-json\/wp\/v2\/posts\/103080\/revisions"}],"wp:featuredmedia":[{"embeddable":true,"href":"https:\/\/www.europesays.com\/pt\/wp-json\/wp\/v2\/media\/103081"}],"wp:attachment":[{"href":"https:\/\/www.europesays.com\/pt\/wp-json\/wp\/v2\/media?parent=103080"}],"wp:term":[{"taxonomy":"category","embeddable":true,"href":"https:\/\/www.europesays.com\/pt\/wp-json\/wp\/v2\/categories?post=103080"},{"taxonomy":"post_tag","embeddable":true,"href":"https:\/\/www.europesays.com\/pt\/wp-json\/wp\/v2\/tags?post=103080"}],"curies":[{"name":"wp","href":"https:\/\/api.w.org\/{rel}","templated":true}]}}