{"id":103082,"date":"2025-10-09T05:57:08","date_gmt":"2025-10-09T05:57:08","guid":{"rendered":"https:\/\/www.europesays.com\/pt\/103082\/"},"modified":"2025-10-09T05:57:08","modified_gmt":"2025-10-09T05:57:08","slug":"kevin-james-e-alan-ritchson-enfrentam-mercenarios-no-trailer-da-comedia-de-acao-playdate-confira","status":"publish","type":"post","link":"https:\/\/www.europesays.com\/pt\/103082\/","title":{"rendered":"Kevin James e Alan Ritchson enfrentam MERCEN\u00c1RIOS no trailer da com\u00e9dia de a\u00e7\u00e3o &#8216;Playdate&#8217;; Confira!"},"content":{"rendered":"<p>O\u00a0<strong><a href=\"https:\/\/cinepop.com.br\/tag\/prime-video\/\" title=\"Prime Video\" rel=\"nofollow noopener\" target=\"_blank\">Prime Video<\/a>\u00a0<\/strong>divulgou hoje (8) o trailer oficial de\u00a0<strong>\u2018<a href=\"https:\/\/cinepop.com.br\/tag\/playdate\/\" title=\"Playdate\" rel=\"nofollow noopener\" target=\"_blank\">Playdate<\/a>\u2019<\/strong>, com\u00e9dia de a\u00e7\u00e3o estrelada por\u00a0<strong><a href=\"https:\/\/cinepop.com.br\/tag\/alan-ritchson\/\" title=\"Alan Ritchson\" rel=\"nofollow noopener\" target=\"_blank\">Alan Ritchson<\/a><\/strong> (\u2018Reacher\u2019) e\u00a0<strong><a href=\"https:\/\/cinepop.com.br\/tag\/kevin-james\/\" title=\"Kevin James\" rel=\"nofollow noopener\" target=\"_blank\">Kevin James<\/a><\/strong> (\u2018Gente Grande\u2019).<\/p>\n<p>O longa-metragem chega \u00e0 plataforma de\u00a0streaming no dia\u00a0<strong>12 de novembro<\/strong>.<\/p>\n<p>Confira:<\/p>\n<p>O longa-metragem traz\u00a0<strong><a href=\"https:\/\/cinepop.com.br\/tag\/luke-greenfield\/\" title=\"Luke Greenfield\" rel=\"nofollow noopener\" target=\"_blank\">Luke Greenfield<\/a><\/strong> na cadeira de dire\u00e7\u00e3o, enquanto <strong><a href=\"https:\/\/cinepop.com.br\/tag\/neil-goldman\/\" title=\"Neil Goldman\" rel=\"nofollow noopener\" target=\"_blank\">Neil Goldman<\/a><\/strong> assina o roteiro.<\/p>\n<p>Na trama\u2026<\/p>\n<p>Quando o contador rec\u00e9m-desempregado Brian (<strong>James<\/strong>) concorda em brincar com o carism\u00e1tico pai de fam\u00edlia Jeff (<strong>Ritchson<\/strong>) e seus filhos, ele espera uma tarde tranquila de conversa fiada e arremessos de futebol. Em vez disso, ele se v\u00ea em uma luta ca\u00f3tica para sobreviver enquanto s\u00e3o perseguidos por uma equipe implac\u00e1vel de mercen\u00e1rios.<\/p>\n<p><strong><a href=\"https:\/\/cinepop.com.br\/tag\/sarah-chalke\/\" title=\"Sarah Chalke\" rel=\"nofollow noopener\" target=\"_blank\">Sarah Chalke<\/a><\/strong>,\u00a0<strong><a href=\"https:\/\/cinepop.com.br\/tag\/alan-tudyk\/\" title=\"Alan Tudyk\" rel=\"nofollow noopener\" target=\"_blank\">Alan Tudyk<\/a><\/strong>,\u00a0<strong><a href=\"https:\/\/cinepop.com.br\/tag\/stephen-root\/\" title=\"Stephen Root\" rel=\"nofollow noopener\" target=\"_blank\">Stephen Root<\/a><\/strong>,\u00a0<strong><a href=\"https:\/\/cinepop.com.br\/tag\/isla-fisher\/\" title=\"Isla Fisher\" rel=\"nofollow noopener\" target=\"_blank\">Isla Fisher<\/a><\/strong>,\u00a0<strong><a href=\"https:\/\/cinepop.com.br\/tag\/benjamin-pajak\/\" title=\"Benjamin Pajak\" rel=\"nofollow noopener\" target=\"_blank\">Benjamin Pajak<\/a><\/strong> e\u00a0<strong><a href=\"https:\/\/cinepop.com.br\/tag\/banks-pierce\/\" title=\"Banks Pierce\" rel=\"nofollow noopener\" target=\"_blank\">Banks Pierce<\/a><\/strong> completam o elenco.<\/p>\n","protected":false},"excerpt":{"rendered":"O\u00a0Prime Video\u00a0divulgou hoje (8) o trailer oficial de\u00a0\u2018Playdate\u2019, com\u00e9dia de a\u00e7\u00e3o estrelada por\u00a0Alan Ritchson (\u2018Reacher\u2019) e\u00a0Kevin James (\u2018Gente&hellip;\n","protected":false},"author":2,"featured_media":103083,"comment_status":"","ping_status":"","sticky":false,"template":"","format":"standard","meta":{"footnotes":""},"categories":[140],"tags":[1947,24995,24996,24997,114,115,147,148,20417,24998,24999,146,25000,25001,32,1587,33,25002,25003],"class_list":{"0":"post-103082","1":"post","2":"type-post","3":"status-publish","4":"format-standard","5":"has-post-thumbnail","7":"category-filmes","8":"tag-alan-ritchson","9":"tag-alan-tudyk","10":"tag-banks-pierce","11":"tag-benjamin-pajak","12":"tag-entertainment","13":"tag-entretenimento","14":"tag-film","15":"tag-filmes","16":"tag-isla-fisher","17":"tag-kevin-james","18":"tag-luke-greenfield","19":"tag-movies","20":"tag-neil-goldman","21":"tag-playdate","22":"tag-portugal","23":"tag-prime-video","24":"tag-pt","25":"tag-sarah-chalke","26":"tag-stephen-root"},"share_on_mastodon":{"url":"","error":""},"_links":{"self":[{"href":"https:\/\/www.europesays.com\/pt\/wp-json\/wp\/v2\/posts\/103082","targetHints":{"allow":["GET"]}}],"collection":[{"href":"https:\/\/www.europesays.com\/pt\/wp-json\/wp\/v2\/posts"}],"about":[{"href":"https:\/\/www.europesays.com\/pt\/wp-json\/wp\/v2\/types\/post"}],"author":[{"embeddable":true,"href":"https:\/\/www.europesays.com\/pt\/wp-json\/wp\/v2\/users\/2"}],"replies":[{"embeddable":true,"href":"https:\/\/www.europesays.com\/pt\/wp-json\/wp\/v2\/comments?post=103082"}],"version-history":[{"count":0,"href":"https:\/\/www.europesays.com\/pt\/wp-json\/wp\/v2\/posts\/103082\/revisions"}],"wp:featuredmedia":[{"embeddable":true,"href":"https:\/\/www.europesays.com\/pt\/wp-json\/wp\/v2\/media\/103083"}],"wp:attachment":[{"href":"https:\/\/www.europesays.com\/pt\/wp-json\/wp\/v2\/media?parent=103082"}],"wp:term":[{"taxonomy":"category","embeddable":true,"href":"https:\/\/www.europesays.com\/pt\/wp-json\/wp\/v2\/categories?post=103082"},{"taxonomy":"post_tag","embeddable":true,"href":"https:\/\/www.europesays.com\/pt\/wp-json\/wp\/v2\/tags?post=103082"}],"curies":[{"name":"wp","href":"https:\/\/api.w.org\/{rel}","templated":true}]}}