{"id":103163,"date":"2025-10-09T07:41:10","date_gmt":"2025-10-09T07:41:10","guid":{"rendered":"https:\/\/www.europesays.com\/pt\/103163\/"},"modified":"2025-10-09T07:41:10","modified_gmt":"2025-10-09T07:41:10","slug":"rebeca-grynspan-e-michele-bachelet-na-corrida-para-suceder-a-antonio-guterres-nas-nacoes-unidas","status":"publish","type":"post","link":"https:\/\/www.europesays.com\/pt\/103163\/","title":{"rendered":"Rebeca Grynspan e Michele Bachelet na corrida para suceder a Ant\u00f3nio Guterres nas Na\u00e7\u00f5es Unidas"},"content":{"rendered":"<p><strong>A Costa Rica nomeou oficialmente Rebeca Grynspan, atual respons\u00e1vel da <\/strong><a href=\"https:\/\/unctad.org\/\" target=\"_blank\" rel=\"noreferrer noopener nofollow\"><strong>Ag\u00eancia das Na\u00e7\u00f5es Unidas para o Com\u00e9rcio e o Desenvolvimento (UNCTAD)<\/strong><\/a><strong>, para secret\u00e1ria-geral da ONU, cargo tamb\u00e9m disputado pela ex-presidente chilena Michelle Bachelet. <\/strong><\/p>\n<p>O ministro dos Neg\u00f3cios Estrangeiros da Costa Rica, <strong>Arnoldo Andr\u00e9<\/strong>, anunciou na quarta-feira a candidatura da tamb\u00e9m ex-vice-presidente costa-riquenha durante um evento para o corpo diplom\u00e1tico em San Jos\u00e9. Grynspan, defendeu Andr\u00e9 \u00e9 <strong>&#8220;a mais qualificada&#8221;<\/strong> e <strong>&#8220;a sua candidatura colocar\u00e1 o pa\u00eds no topo&#8221;. <\/strong><\/p>\n<p>Economista de 69 anos, <strong>Rebeca Grynspan<\/strong> enfrentou como respons\u00e1vel da UNCTAD, desde 2021, desafios significativos no com\u00e9rcio internacional. A <strong>guerra comercial lan\u00e7ada pelos Estados Unidos<\/strong> sob lideran\u00e7a de Donald Trump complicou ainda mais a sua tarefa este ano. <\/p>\n<p>\t\t<img decoding=\"async\" src=\"https:\/\/www.europesays.com\/pt\/wp-content\/uploads\/2025\/10\/1759995670_654_thumbs.web.sapo.io\"  alt=\"O Ministro dos Neg\u00f3cios Estrangeiros, Arnoldo Andr\u00e9 Tinoco (\u00e0 esquerda), e a antiga vice-presidente Rebeca Grynspan em San Jos\u00e9, Costa Rica, na quarta-feira, 8 de outubro de 2025.\" loading=\"true\"\/><\/p>\n<p>                        Jose Diaz \/ AP<\/p>\n<p>Licenciada em economia pela Universidade da Costa Rica, Grynspan obteve o mestrado na Universidade de Sussex, no Reino Unido, e <strong>ocupou v\u00e1rios cargos no governo do seu pa\u00eds. <\/strong>De 1994 a 1998, foi <strong>vice-presidente <\/strong>no Governo do presidente centrista <strong>Jos\u00e9 Maria Figueres. <\/strong><\/p>\n<p>Na ONU, ocupou altos cargos no <a href=\"https:\/\/www.undp.org\/\" target=\"_blank\" rel=\"noreferrer noopener nofollow\">Programa das Na\u00e7\u00f5es Unidas para o Desenvolvimento (PNUD)<\/a> e, em 2010, foi nomeada <strong>subsecret\u00e1ria-geral da ONU. <\/strong><\/p>\n<p><strong>Chile nomeia <\/strong><strong>Michelle Bachelet<\/strong><\/p>\n<p>Em setembro, o <strong>Chile<\/strong> anunciou a candidatura da sua ex-presidente, <strong>Michelle Bachelet<\/strong>, de 74 anos, para suceder a <strong>Ant\u00f3nio Guterres<\/strong>, de 76 anos, que completar\u00e1 o<strong> <\/strong>seu<strong> segundo mandato a 31 de dezembro de 2026. <\/strong><\/p>\n<p>Desde a sua funda\u00e7\u00e3o, em 1945, a ONU nunca teve uma mulher como l\u00edder. Apenas um latino-americano, o peruano <strong>Javier P\u00e9rez de Cu\u00e9llar<\/strong>, liderou a ONU entre 1982 e 1991. <\/p>\n<p>J\u00e1 no terreno, Michelle Bachelet reuniu-se esta quarta-feira em Montevideu com o Presidente uruguaio, <strong>Yamand\u00fa Orsi<\/strong>, com quem discutiu a <strong>import\u00e2ncia de uma mulher latino-americana ser a pr\u00f3xima l\u00edder das Na\u00e7\u00f5es Unidas. <\/strong><\/p>\n<p>\t\t<img decoding=\"async\" src=\"https:\/\/www.europesays.com\/pt\/wp-content\/uploads\/2025\/10\/1759995670_23_thumbs.web.sapo.io\"  alt=\"A Alta-Comiss\u00e1ria das Na\u00e7\u00f5es Unidas para os Direitos Humanos, Michelle Bachelet, fala \u00e0 comunica\u00e7\u00e3o social ap\u00f3s a sua visita aos campos de refugiados Rohingya, no distrito de Cox\u2019s Bazar, em Daca, Bangladesh, na quarta-feira, 17 de agosto de 2022.\" loading=\"true\"\/><\/p>\n<p>                        Mahmud Hossain Opu \/ AP<\/p>\n<p>Ap\u00f3s um encontro de quase uma hora na capital uruguaia, onde participa num evento organizado pelo Clube de Madrid, a ex-alta comiss\u00e1ria da ONU para os Direitos Humanos disse ter <strong>aceite candidatar-se \u00e0 lideran\u00e7a<\/strong>, sob proposta do Presidente chileno <strong>Gabriel Boric<\/strong>, considerando a sua <strong>experi\u00eancia pol\u00edtica, de gest\u00e3o e nas Na\u00e7\u00f5es Unidas.<\/strong><\/p>\n<blockquote><p> &#8220;Faremos tudo o que estiver ao nosso alcance para garantir que \u00e9 uma mulher da regi\u00e3o&#8221;, a pr\u00f3xima secret\u00e1ria-geral, concluiu Bachelet.  <\/p><\/blockquote>\n<p>Entre os considerados para o cargo est\u00e1 ainda a mexicana <strong>Alicia B\u00e1rcena<\/strong>, ex-ministra dos Neg\u00f3cios Estrangeiros e ex-secret\u00e1ria-geral da <a href=\"https:\/\/www.cepal.org\/pt-br\" target=\"_blank\" rel=\"noreferrer noopener nofollow\">Comiss\u00e3o Econ\u00f3mica para a Am\u00e9rica Latina e o Caribe (CEPAL)<\/a>. <\/p>\n<p>&#8211; Com Lusa<\/p>\n","protected":false},"excerpt":{"rendered":"A Costa Rica nomeou oficialmente Rebeca Grynspan, atual respons\u00e1vel da Ag\u00eancia das Na\u00e7\u00f5es Unidas para o Com\u00e9rcio e&hellip;\n","protected":false},"author":2,"featured_media":103164,"comment_status":"","ping_status":"","sticky":false,"template":"","format":"standard","meta":{"footnotes":""},"categories":[50],"tags":[27,28,15,16,14,25,26,21,22,62,12,13,19,20,23,24,17,18,29,30,31,63,64,65],"class_list":{"0":"post-103163","1":"post","2":"type-post","3":"status-publish","4":"format-standard","5":"has-post-thumbnail","7":"category-mundo","8":"tag-breaking-news","9":"tag-breakingnews","10":"tag-featured-news","11":"tag-featurednews","12":"tag-headlines","13":"tag-latest-news","14":"tag-latestnews","15":"tag-main-news","16":"tag-mainnews","17":"tag-mundo","18":"tag-news","19":"tag-noticias","20":"tag-noticias-principais","21":"tag-noticiasprincipais","22":"tag-principais-noticias","23":"tag-principaisnoticias","24":"tag-top-stories","25":"tag-topstories","26":"tag-ultimas","27":"tag-ultimas-noticias","28":"tag-ultimasnoticias","29":"tag-world","30":"tag-world-news","31":"tag-worldnews"},"share_on_mastodon":{"url":"","error":""},"_links":{"self":[{"href":"https:\/\/www.europesays.com\/pt\/wp-json\/wp\/v2\/posts\/103163","targetHints":{"allow":["GET"]}}],"collection":[{"href":"https:\/\/www.europesays.com\/pt\/wp-json\/wp\/v2\/posts"}],"about":[{"href":"https:\/\/www.europesays.com\/pt\/wp-json\/wp\/v2\/types\/post"}],"author":[{"embeddable":true,"href":"https:\/\/www.europesays.com\/pt\/wp-json\/wp\/v2\/users\/2"}],"replies":[{"embeddable":true,"href":"https:\/\/www.europesays.com\/pt\/wp-json\/wp\/v2\/comments?post=103163"}],"version-history":[{"count":0,"href":"https:\/\/www.europesays.com\/pt\/wp-json\/wp\/v2\/posts\/103163\/revisions"}],"wp:featuredmedia":[{"embeddable":true,"href":"https:\/\/www.europesays.com\/pt\/wp-json\/wp\/v2\/media\/103164"}],"wp:attachment":[{"href":"https:\/\/www.europesays.com\/pt\/wp-json\/wp\/v2\/media?parent=103163"}],"wp:term":[{"taxonomy":"category","embeddable":true,"href":"https:\/\/www.europesays.com\/pt\/wp-json\/wp\/v2\/categories?post=103163"},{"taxonomy":"post_tag","embeddable":true,"href":"https:\/\/www.europesays.com\/pt\/wp-json\/wp\/v2\/tags?post=103163"}],"curies":[{"name":"wp","href":"https:\/\/api.w.org\/{rel}","templated":true}]}}