{"id":103210,"date":"2025-10-09T08:48:10","date_gmt":"2025-10-09T08:48:10","guid":{"rendered":"https:\/\/www.europesays.com\/pt\/103210\/"},"modified":"2025-10-09T08:48:10","modified_gmt":"2025-10-09T08:48:10","slug":"nadador-salvador-esfaqueado-na-praia-da-falesia-em-albufeira","status":"publish","type":"post","link":"https:\/\/www.europesays.com\/pt\/103210\/","title":{"rendered":"Nadador-salvador esfaqueado na Praia da Fal\u00e9sia em Albufeira"},"content":{"rendered":"<p>Um homem de cerca de 50 anos esfaqueou um nadador-salvador na Praia da Fal\u00e9sia, na freguesia de Olhos de \u00c1gua, em <a href=\"https:\/\/regiao-sul.pt\/tag\/albufeira\" target=\"_blank\" rel=\"noreferrer noopener nofollow\">Albufeira<\/a>, na manh\u00e3 de ter\u00e7a-feira, 7 de outubro, estando na origem do sucedido, desacatos j\u00e1 recorrentes entre o suspeito e a v\u00edtima, de 35 anos, devido a discuss\u00f5es sobre as aulas de surf dadas pelo agressor numa das partes da praia, nas zonas de\u00a0concess\u00f5es, segundo not\u00edcia avan\u00e7ada no websote do Correio da Manh\u00e3 (CM), com <a href=\"https:\/\/www.cmjornal.pt\/portugal\/detalhe\/detido-suspeito-de-tentativa-de-homicidio-cometida-na-terca-feira-em-albufeira\" rel=\"nofollow noopener\" target=\"_blank\"><strong>reportagem v\u00eddeo<\/strong><\/a>.\u00a0<\/p>\n<p>\u00abA Pol\u00edcia Judici\u00e1ria (PJ) destacou, em comunicado, que a agress\u00e3o foi cometida \u201ccom recurso a objeto corto perfurante\u201d, tendo a v\u00edtima sofrido \u201cles\u00f5es cuja gravidade produziu (\u2026) perigo para a vida\u201d, que s\u00f3 n\u00e3o acabaram na morte devido \u00e0 interven\u00e7\u00e3o de terceiros e \u00e0 ativa\u00e7\u00e3o dos meios de socorro\u00bb, l\u00ea-e na publica\u00e7\u00e3o.<\/p>\n<p>De acordo com o CM, o alerta foi dado pelas 09h00 e a v\u00edtima, gravemente ferida, foi socorrida pelas equipas m\u00e9dicas que se deslocaram \u00e0 praia.\u00a0A v\u00edtima encontra-se internada no Hospital de Faro.<\/p>\n<p>Ao que o\u00a0<a href=\"https:\/\/www.cmjornal.pt\/\" target=\"_blank\" rel=\"noreferrer noopener nofollow\">CM<\/a>\u00a0conseguiu apurar, o suspeito fugiu depois do esfaqueamento, mas foi entretanto detido pela <a href=\"https:\/\/regiao-sul.pt\/sociedade\/pj-detem-homem-por-tentativa-de-homicidio-em-albufeira\/734270\" target=\"_blank\" rel=\"noreferrer noopener nofollow\">PJ<\/a> e encontra-se a aguardar as medidas de coa\u00e7\u00e3o. O processo \u00e9 titulado pelo Departamento de Investiga\u00e7\u00e3o e A\u00e7\u00e3o Penal (DIAP) de Albufeira.<\/p>\n","protected":false},"excerpt":{"rendered":"Um homem de cerca de 50 anos esfaqueou um nadador-salvador na Praia da Fal\u00e9sia, na freguesia de Olhos&hellip;\n","protected":false},"author":2,"featured_media":103211,"comment_status":"","ping_status":"","sticky":false,"template":"","format":"standard","meta":{"footnotes":""},"categories":[8],"tags":[6579,2569,27,28,15,16,14,25,26,21,22,12,13,19,20,4107,32,25016,23,24,33,17,18,29,30,31],"class_list":{"0":"post-103210","1":"post","2":"type-post","3":"status-publish","4":"format-standard","5":"has-post-thumbnail","7":"category-principais-noticias","8":"tag-albufeira","9":"tag-algarve","10":"tag-breaking-news","11":"tag-breakingnews","12":"tag-featured-news","13":"tag-featurednews","14":"tag-headlines","15":"tag-latest-news","16":"tag-latestnews","17":"tag-main-news","18":"tag-mainnews","19":"tag-news","20":"tag-noticias","21":"tag-noticias-principais","22":"tag-noticiasprincipais","23":"tag-pj","24":"tag-portugal","25":"tag-praia-da-falesia","26":"tag-principais-noticias","27":"tag-principaisnoticias","28":"tag-pt","29":"tag-top-stories","30":"tag-topstories","31":"tag-ultimas","32":"tag-ultimas-noticias","33":"tag-ultimasnoticias"},"share_on_mastodon":{"url":"","error":""},"_links":{"self":[{"href":"https:\/\/www.europesays.com\/pt\/wp-json\/wp\/v2\/posts\/103210","targetHints":{"allow":["GET"]}}],"collection":[{"href":"https:\/\/www.europesays.com\/pt\/wp-json\/wp\/v2\/posts"}],"about":[{"href":"https:\/\/www.europesays.com\/pt\/wp-json\/wp\/v2\/types\/post"}],"author":[{"embeddable":true,"href":"https:\/\/www.europesays.com\/pt\/wp-json\/wp\/v2\/users\/2"}],"replies":[{"embeddable":true,"href":"https:\/\/www.europesays.com\/pt\/wp-json\/wp\/v2\/comments?post=103210"}],"version-history":[{"count":0,"href":"https:\/\/www.europesays.com\/pt\/wp-json\/wp\/v2\/posts\/103210\/revisions"}],"wp:featuredmedia":[{"embeddable":true,"href":"https:\/\/www.europesays.com\/pt\/wp-json\/wp\/v2\/media\/103211"}],"wp:attachment":[{"href":"https:\/\/www.europesays.com\/pt\/wp-json\/wp\/v2\/media?parent=103210"}],"wp:term":[{"taxonomy":"category","embeddable":true,"href":"https:\/\/www.europesays.com\/pt\/wp-json\/wp\/v2\/categories?post=103210"},{"taxonomy":"post_tag","embeddable":true,"href":"https:\/\/www.europesays.com\/pt\/wp-json\/wp\/v2\/tags?post=103210"}],"curies":[{"name":"wp","href":"https:\/\/api.w.org\/{rel}","templated":true}]}}