{"id":103222,"date":"2025-10-09T09:06:31","date_gmt":"2025-10-09T09:06:31","guid":{"rendered":"https:\/\/www.europesays.com\/pt\/103222\/"},"modified":"2025-10-09T09:06:31","modified_gmt":"2025-10-09T09:06:31","slug":"autarquicas-o-que-e-um-vereador-para-que-serve-a-assembleia-municipal-campanha-do-cartao-jovem-diz-o-que-esta-em-causa-nestas-eleicoes","status":"publish","type":"post","link":"https:\/\/www.europesays.com\/pt\/103222\/","title":{"rendered":"Aut\u00e1rquicas: O que \u00e9 um vereador? Para que serve a Assembleia Municipal? Campanha do Cart\u00e3o Jovem diz o que est\u00e1 em causa nestas elei\u00e7\u00f5es"},"content":{"rendered":"<p>Com as <a href=\"https:\/\/expresso.pt\/politica\/eleicoes\/autarquicas-2025\" target=\"_blank\" rel=\"noopener noreferrer nofollow\">Aut\u00e1rquicas<\/a> \u00e0 porta, a campanha \u201c\u00c9 pra ver ou pra votar?\u201d pretende esclarecer os jovens sobre o que est\u00e1 em causa nestas elei\u00e7\u00f5es locais.<\/p>\n<p>\u201cComo funcionam os diferentes \u00f3rg\u00e3os aut\u00e1rquicos?\u201d e \u201cDe que forma as decis\u00f5es municipais t\u00eam impacto direto na vida de cada pessoa?\u201d s\u00e3o algumas das quest\u00f5es respondidas pela Plataforma J, dinamizada atrav\u00e9s do Cart\u00e3o Jovem, nas <a href=\"https:\/\/www.instagram.com\/movy_pt\/\" target=\"_blank\" rel=\"nofollow noopener\">redes sociais<\/a>.<\/p>\n<p>&#8220;Para al\u00e9m do Cart\u00e3o Jovem e das Pousadas de Juventude, tamb\u00e9m aqui numa \u00f3tica de participa\u00e7\u00e3o c\u00edvica e social, dinamiz\u00e1mos esta campanha em parceria com um conselho consultivo que n\u00f3s temos na Movy, que \u00e9 a Plataforma J, em que procuramos sensibilizar para a import\u00e2ncia do voto&#8221;, explica Hugo Silva, assessor de comunica\u00e7\u00e3o da Movy.<\/p>\n<p>Com o objetivo de elucidar os mais jovens sobre os termos em foco estas elei\u00e7\u00f5es, a campanha disponibilizou um gloss\u00e1rio que explica conceitos como Vereador, Assembleia Municipal, Mandato Aut\u00e1rquico e Descentraliza\u00e7\u00e3o.<\/p>\n<p>\u201cA Democracia \u00e9 a tua s\u00e9rie favorita? \u00c9 pra ver ou pra votar?\u201d \u00e9 o mote do projeto, que encoraja os jovens a assumirem &#8220;um papel ativo na constru\u00e7\u00e3o das comunidades em que vivem&#8221; e incentiva ao voto informado e consciente.<\/p>\n<p>O <a href=\"https:\/\/www2.gov.pt\/servicos\/efetuar-o-pedido-de-cartao-jovem\" target=\"_blank\" rel=\"nofollow noopener\">Cart\u00e3o Jovem<\/a> \u00e9 uma iniciativa europeia que oferece descontos a jovens entre os 12 e os 30 anos. O Cart\u00e3o pode ser adquirido online ou fisicamente e visa promover a mobilidade, inclus\u00e3o e o acesso a cultura, educa\u00e7\u00e3o e lazer, contando atualmente com mais de 230 mil utilizadores em Portugal.<\/p>\n<p>Texto escrito por Andr\u00e9 Sousa e editado por Pedro Miguel Coelho<\/p>\n<p><script async src=\"\/\/www.instagram.com\/embed.js\"><\/script><\/p>\n","protected":false},"excerpt":{"rendered":"Com as Aut\u00e1rquicas \u00e0 porta, a campanha \u201c\u00c9 pra ver ou pra votar?\u201d pretende esclarecer os jovens sobre&hellip;\n","protected":false},"author":2,"featured_media":103223,"comment_status":"","ping_status":"","sticky":false,"template":"","format":"standard","meta":{"footnotes":""},"categories":[10],"tags":[27,28,15,16,14,25,26,21,22,12,13,19,20,32,23,24,33,17,18,29,30,31],"class_list":{"0":"post-103222","1":"post","2":"type-post","3":"status-publish","4":"format-standard","5":"has-post-thumbnail","7":"category-portugal","8":"tag-breaking-news","9":"tag-breakingnews","10":"tag-featured-news","11":"tag-featurednews","12":"tag-headlines","13":"tag-latest-news","14":"tag-latestnews","15":"tag-main-news","16":"tag-mainnews","17":"tag-news","18":"tag-noticias","19":"tag-noticias-principais","20":"tag-noticiasprincipais","21":"tag-portugal","22":"tag-principais-noticias","23":"tag-principaisnoticias","24":"tag-pt","25":"tag-top-stories","26":"tag-topstories","27":"tag-ultimas","28":"tag-ultimas-noticias","29":"tag-ultimasnoticias"},"share_on_mastodon":{"url":"","error":""},"_links":{"self":[{"href":"https:\/\/www.europesays.com\/pt\/wp-json\/wp\/v2\/posts\/103222","targetHints":{"allow":["GET"]}}],"collection":[{"href":"https:\/\/www.europesays.com\/pt\/wp-json\/wp\/v2\/posts"}],"about":[{"href":"https:\/\/www.europesays.com\/pt\/wp-json\/wp\/v2\/types\/post"}],"author":[{"embeddable":true,"href":"https:\/\/www.europesays.com\/pt\/wp-json\/wp\/v2\/users\/2"}],"replies":[{"embeddable":true,"href":"https:\/\/www.europesays.com\/pt\/wp-json\/wp\/v2\/comments?post=103222"}],"version-history":[{"count":0,"href":"https:\/\/www.europesays.com\/pt\/wp-json\/wp\/v2\/posts\/103222\/revisions"}],"wp:featuredmedia":[{"embeddable":true,"href":"https:\/\/www.europesays.com\/pt\/wp-json\/wp\/v2\/media\/103223"}],"wp:attachment":[{"href":"https:\/\/www.europesays.com\/pt\/wp-json\/wp\/v2\/media?parent=103222"}],"wp:term":[{"taxonomy":"category","embeddable":true,"href":"https:\/\/www.europesays.com\/pt\/wp-json\/wp\/v2\/categories?post=103222"},{"taxonomy":"post_tag","embeddable":true,"href":"https:\/\/www.europesays.com\/pt\/wp-json\/wp\/v2\/tags?post=103222"}],"curies":[{"name":"wp","href":"https:\/\/api.w.org\/{rel}","templated":true}]}}