{"id":103224,"date":"2025-10-09T09:08:04","date_gmt":"2025-10-09T09:08:04","guid":{"rendered":"https:\/\/www.europesays.com\/pt\/103224\/"},"modified":"2025-10-09T09:08:04","modified_gmt":"2025-10-09T09:08:04","slug":"chris-flores-muda-o-visual-para-celebrar-retorno-a-televisao-fase-nova","status":"publish","type":"post","link":"https:\/\/www.europesays.com\/pt\/103224\/","title":{"rendered":"Chris Flores muda o visual para celebrar retorno \u00e0 televis\u00e3o: &#8220;Fase nova&#8221;"},"content":{"rendered":"<p style=\"text-align: left;\">Depois de dois anos longe das c\u00e2meras, <a href=\"https:\/\/caras.com.br\/tags\/chris-flores\" rel=\"nofollow noopener\" target=\"_blank\"><strong>Chris Flores<\/strong><\/a> vive um momento de renova\u00e7\u00e3o. A apresentadora retornou \u00e0 televis\u00e3o nesta quarta-feira, 8, no Melhor da Tarde, da Band, e escolheu marcar essa virada com um novo visual. O respons\u00e1vel pela transforma\u00e7\u00e3o foi o cabeleireiro <strong>Robson Jassa,<\/strong> com quem ela mant\u00e9m uma amizade de longa data.<\/p>\n<p style=\"text-align: left;\">A parceria entre os dois vem de muitos anos, e Chris afirmou que sempre confiou plenamente no trabalho do profissional. \u201cHoje \u00e9 um dia muito especial, primeiro porque eu reencontro meu amigo. Eu falo que a gente \u00e9 irm\u00e3o de alma, e meu cabelo \u00e9 dele j\u00e1 h\u00e1 muitos anos. O que ele quiser fazer est\u00e1 nas m\u00e3os dele, porque eu confio cegamente\u201d, contou em entrevista \u00e0 rep\u00f3rter <strong>Taty Apocalipse,<\/strong> do portal LeoDias.<\/p>\n<p> O novo visual de Chris Flores e o recome\u00e7o <\/p>\n<p style=\"text-align: left;\">Jassa comentou que preparou a mudan\u00e7a pensando em refletir o novo ciclo de Chris. \u201cFazer uma transforma\u00e7\u00e3o com muito carinho para essa estreia dela. Estou muito feliz com essa nova fase na Band e quero deixar esse cabelo saud\u00e1vel e radiante para ela estrear maravilhosa\u201d, declarou o cabeleireiro.<\/p>\n<p style=\"text-align: left;\">A apresentadora explicou que sempre gostou de mudan\u00e7as e que o cabelo novo simboliza esse recome\u00e7o. \u201cEu curto mudan\u00e7as. J\u00e1 tive cabelo comprido, curto, curtinho mesmo, j\u00e1 fiz luzes, j\u00e1 pintei, j\u00e1 tive at\u00e9 cabelo roxo na adolesc\u00eancia. Meu cabelo cresce bastante, ent\u00e3o n\u00e3o tem problema nenhum mudar, e para uma fase nova \u00e9 sempre bom chegar com um cabelo novo.\u201d<\/p>\n<blockquote class=\"instagram-media\" style=\"background: #FFF; border: 0; border-radius: 3px; box-shadow: 0 0 1px 0 rgba(0,0,0,0.5),0 1px 10px 0 rgba(0,0,0,0.15); margin: 1px; max-width: 540px; min-width: 326px; padding: 0; width: calc(100% - 2px);\" data-instgrm-captioned=\"\" data-instgrm-permalink=\"https:\/\/www.instagram.com\/p\/DPkA9vpCdQR\/?utm_source=ig_embed&amp;utm_campaign=loading\" data-instgrm-version=\"14\"><\/blockquote>\n<p>  Um retorno cheio de significado <\/p>\n<p style=\"text-align: left;\">Chris contou que recebeu o convite de <strong>Leo Dias<\/strong> com pouco tempo para se preparar, mas aceitou o desafio sem hesitar. \u201cEu tive poucos dias para entender o que estava acontecendo. Para aceitar, eu j\u00e1 aceitei na hora! At\u00e9 brinquei com ele: \u2018O que o Leo n\u00e3o me pede chorando que eu n\u00e3o fa\u00e7o sorrindo?\u2019.\u201d<\/p>\n<p style=\"text-align: left;\">Encerrando, Chris refor\u00e7ou que a transforma\u00e7\u00e3o n\u00e3o \u00e9 apenas est\u00e9tica, mas tamb\u00e9m emocional. \u201cQue inspire outras mulheres a fazerem essa mudan\u00e7a, porque \u00e0s vezes a gente quer mudar n\u00e3o necessariamente por uma estreia, mas para dar um passo na vida. Essa mudan\u00e7a externa ajuda muito na mudan\u00e7a interna e faz a gente se sentir pronta para recome\u00e7ar.\u201d<\/p>\n<p>Leia tamb\u00e9m: <a href=\"https:\/\/caras.com.br\/tv\/chris-flores-explica-afastamento-da-tv-por-causa-de-doenca-do-pai-ele-precisava-de-mim.phtml\" rel=\"nofollow noopener\" target=\"_blank\">Chris Flores explica afastamento da TV por causa de doen\u00e7a do pai: \u2018Ele precisava de mim\u2019<\/a><\/p>\n<p>        <a href=\"https:\/\/caras.com.br\/autor\/izabella-nicolau\" rel=\"nofollow noopener\" target=\"_blank\">&#13;<br \/>\n          <img loading=\"lazy\" decoding=\"async\" alt=\"Izabella Nicolau\" src=\"https:\/\/www.europesays.com\/pt\/wp-content\/uploads\/2025\/10\/whatsapp_image_2025-08-12_at_15.10.50_1_sqmd.jpeg\" class=\"avatar avatar-115 photo rounded-circle\" height=\"115\" width=\"115\"\/>        <\/a><\/p>\n<p><strong>Izabella Nicolau<\/strong> \u00e9 rep\u00f3rter de conte\u00fado do site CARAS. Formada em jornalismo, j\u00e1 passou por sites como Observat\u00f3rio do Cinema e Ultraverso. Escreve sobre cultura, entretenimento e celebridades.<\/p>\n<p>\t                                            <script async src=\"\/\/www.instagram.com\/embed.js\"><\/script><\/p>\n","protected":false},"excerpt":{"rendered":"Depois de dois anos longe das c\u00e2meras, Chris Flores vive um momento de renova\u00e7\u00e3o. A apresentadora retornou \u00e0&hellip;\n","protected":false},"author":2,"featured_media":103225,"comment_status":"","ping_status":"","sticky":false,"template":"","format":"standard","meta":{"footnotes":""},"categories":[145],"tags":[211,210,23020,114,115,2817,25017,32,33],"class_list":{"0":"post-103224","1":"post","2":"type-post","3":"status-publish","4":"format-standard","5":"has-post-thumbnail","7":"category-celebridades","8":"tag-celebridades","9":"tag-celebrities","10":"tag-chris-flores","11":"tag-entertainment","12":"tag-entretenimento","13":"tag-melhor-da-tarde","14":"tag-mudanca-cabelo","15":"tag-portugal","16":"tag-pt"},"share_on_mastodon":{"url":"","error":""},"_links":{"self":[{"href":"https:\/\/www.europesays.com\/pt\/wp-json\/wp\/v2\/posts\/103224","targetHints":{"allow":["GET"]}}],"collection":[{"href":"https:\/\/www.europesays.com\/pt\/wp-json\/wp\/v2\/posts"}],"about":[{"href":"https:\/\/www.europesays.com\/pt\/wp-json\/wp\/v2\/types\/post"}],"author":[{"embeddable":true,"href":"https:\/\/www.europesays.com\/pt\/wp-json\/wp\/v2\/users\/2"}],"replies":[{"embeddable":true,"href":"https:\/\/www.europesays.com\/pt\/wp-json\/wp\/v2\/comments?post=103224"}],"version-history":[{"count":0,"href":"https:\/\/www.europesays.com\/pt\/wp-json\/wp\/v2\/posts\/103224\/revisions"}],"wp:featuredmedia":[{"embeddable":true,"href":"https:\/\/www.europesays.com\/pt\/wp-json\/wp\/v2\/media\/103225"}],"wp:attachment":[{"href":"https:\/\/www.europesays.com\/pt\/wp-json\/wp\/v2\/media?parent=103224"}],"wp:term":[{"taxonomy":"category","embeddable":true,"href":"https:\/\/www.europesays.com\/pt\/wp-json\/wp\/v2\/categories?post=103224"},{"taxonomy":"post_tag","embeddable":true,"href":"https:\/\/www.europesays.com\/pt\/wp-json\/wp\/v2\/tags?post=103224"}],"curies":[{"name":"wp","href":"https:\/\/api.w.org\/{rel}","templated":true}]}}