{"id":103228,"date":"2025-10-09T09:14:16","date_gmt":"2025-10-09T09:14:16","guid":{"rendered":"https:\/\/www.europesays.com\/pt\/103228\/"},"modified":"2025-10-09T09:14:16","modified_gmt":"2025-10-09T09:14:16","slug":"victor-froholdt-nao-pode-deixar-o-dragao-em-janeiro","status":"publish","type":"post","link":"https:\/\/www.europesays.com\/pt\/103228\/","title":{"rendered":"Victor Froholdt n\u00e3o pode deixar o Drag\u00e3o em janeiro"},"content":{"rendered":"<p><strong>Victor Froholdt ter\u00e1 que continuar a representar o FC Porto at\u00e9 ao final da temporada. O jogador n\u00e3o se poder\u00e1 transferir em 2025\/26.<\/strong><\/p>\n<p>Victor Froholdt vai ficar no plantel do FC Porto at\u00e9 ao ver\u00e3o de 2026, como m\u00ednimo. O jogador n\u00e3o se poder\u00e1 movimentar para outro emblema esta temporada, j\u00e1 que representou dois clubes diferentes durante esta \u00e9poca. <\/p>\n<p>O dinamarqu\u00eas antes de ser comprado por 20 milh\u00f5es de euros pelo FC Porto j\u00e1 tinha realizado uma partida pelo Copenhaga, na primeira ronda da Primeira Liga da Dinamarca, frente ao Viborg. <a href=\"https:\/\/bolanarede.pt\/etiqueta\/franjo-ivanovic\/\" target=\"_blank\" rel=\"noreferrer noopener nofollow\">Franjo Ivanovic<\/a> vive a mesma situa\u00e7\u00e3o, j\u00e1 que atuou por Benfica e Union Saint-Gilloise.<\/p>\n<p>J\u00e1 o caso de Luis Su\u00e1rez, por exemplo, \u00e9 distinto. O colombiano antes de assinar pelo Sporting n\u00e3o atuou um minuto pelo Almer\u00eda em 2025\/26. Caso algum clube deseje o ponta de lan\u00e7a em janeiro, poder\u00e1 apresentar uma oferta com a consci\u00eancia de que o jogador pode deixar Alvalade nessa janela.<\/p>\n<p>Victor Froholst tem sido um jogador fundamental para Francesco Farioli e \u00e9 um dos favoritos dos adeptos do FC Porto.<\/p>\n","protected":false},"excerpt":{"rendered":"Victor Froholdt ter\u00e1 que continuar a representar o FC Porto at\u00e9 ao final da temporada. O jogador n\u00e3o&hellip;\n","protected":false},"author":2,"featured_media":103229,"comment_status":"","ping_status":"","sticky":false,"template":"","format":"standard","meta":{"footnotes":""},"categories":[87],"tags":[260,135,478,282,32,479,33,134,961],"class_list":{"0":"post-103228","1":"post","2":"type-post","3":"status-publish","4":"format-standard","5":"has-post-thumbnail","7":"category-desporto","8":"tag-atualidade","9":"tag-desporto","10":"tag-destaques-bnr","11":"tag-fc-porto","12":"tag-portugal","13":"tag-primeira-liga","14":"tag-pt","15":"tag-sports","16":"tag-victor-froholdt"},"share_on_mastodon":{"url":"","error":""},"_links":{"self":[{"href":"https:\/\/www.europesays.com\/pt\/wp-json\/wp\/v2\/posts\/103228","targetHints":{"allow":["GET"]}}],"collection":[{"href":"https:\/\/www.europesays.com\/pt\/wp-json\/wp\/v2\/posts"}],"about":[{"href":"https:\/\/www.europesays.com\/pt\/wp-json\/wp\/v2\/types\/post"}],"author":[{"embeddable":true,"href":"https:\/\/www.europesays.com\/pt\/wp-json\/wp\/v2\/users\/2"}],"replies":[{"embeddable":true,"href":"https:\/\/www.europesays.com\/pt\/wp-json\/wp\/v2\/comments?post=103228"}],"version-history":[{"count":0,"href":"https:\/\/www.europesays.com\/pt\/wp-json\/wp\/v2\/posts\/103228\/revisions"}],"wp:featuredmedia":[{"embeddable":true,"href":"https:\/\/www.europesays.com\/pt\/wp-json\/wp\/v2\/media\/103229"}],"wp:attachment":[{"href":"https:\/\/www.europesays.com\/pt\/wp-json\/wp\/v2\/media?parent=103228"}],"wp:term":[{"taxonomy":"category","embeddable":true,"href":"https:\/\/www.europesays.com\/pt\/wp-json\/wp\/v2\/categories?post=103228"},{"taxonomy":"post_tag","embeddable":true,"href":"https:\/\/www.europesays.com\/pt\/wp-json\/wp\/v2\/tags?post=103228"}],"curies":[{"name":"wp","href":"https:\/\/api.w.org\/{rel}","templated":true}]}}