{"id":103305,"date":"2025-10-09T10:50:09","date_gmt":"2025-10-09T10:50:09","guid":{"rendered":"https:\/\/www.europesays.com\/pt\/103305\/"},"modified":"2025-10-09T10:50:09","modified_gmt":"2025-10-09T10:50:09","slug":"conduzimos-o-novo-ds-no4-em-portugal-na-versao-que-faz-mais-sentido","status":"publish","type":"post","link":"https:\/\/www.europesays.com\/pt\/103305\/","title":{"rendered":"Conduzimos o novo DS N\u00ba4 em Portugal na vers\u00e3o que faz mais sentido"},"content":{"rendered":"<p>\n\tA DS acaba de renovar o seu N\u00ba4. Tem um novo nome, est\u00e1 mais distinto e conta com uma gama revista, \u00e0 qual n\u00e3o falta um eficiente Hybrid 145.\n<\/p>\n<p>                                                                        DS N\u00ba4 145 Hybrid<br \/>\n                                    Primeiras impress\u00f5es<\/p>\n<p>\t\t\t\t7.5\/10<\/p>\n<p><strong>O novo DS N\u00ba4 tem nome de perfume, mas cheira a desafio para os alem\u00e3es do costume.<\/strong><\/p>\n<p>        Pr\u00f3s<\/p>\n<ul class=\"c-pros-cons_pros-list\">\n<li>Est\u00e9tica elegante e diferenciada<\/li>\n<li>Comportamento eficaz<\/li>\n<li>Bagageira ampla<\/li>\n<li>Vers\u00e3o 100% na gama<\/li>\n<\/ul>\n<p>        Contras<\/p>\n<ul class=\"c-pros-cons_cons-list\">\n<li>Espa\u00e7o na segunda fila de assentos<\/li>\n<li>Bot\u00f5es de bloqueio de vidros e portas<\/li>\n<li>Sem ajuste de climatiza\u00e7\u00e3o atr\u00e1s<\/li>\n<li>Sonoridade do motor em regimes mais elevados<\/li>\n<\/ul>\n<p>O DS N\u00ba4 \u00e9 a mais recente evolu\u00e7\u00e3o do compacto premium franc\u00eas e chega com a ambi\u00e7\u00e3o de refor\u00e7ar o seu estatuto frente aos rivais alem\u00e3es. Esta terceira gera\u00e7\u00e3o apresenta-se mais refinada e com um novo nome \u2014 \u201cN\u00ba4\u201d, numa associa\u00e7\u00e3o inevit\u00e1vel ao perfume Chanel N\u00ba5 \u2014 que pretende sublinhar o lado mais distinto e sofisticado da marca francesa. Finesse oblige.<\/p>\n<p>A atualiza\u00e7\u00e3o est\u00e9tica \u00e9 discreta, mas eficaz. Muitas das superf\u00edcies cromadas foram substitu\u00eddas por elementos em preto brilhante, numa l\u00f3gica de \u201cmenos \u00e9 mais\u201d que acentua a eleg\u00e2ncia e a pureza das linhas.<\/p>\n<p><img loading=\"lazy\" decoding=\"async\" width=\"2048\" height=\"1365\" src=\"data:image\/svg+xml,%3Csvg%20xmlns=\" http:=\"\" alt=\"DS N\u00b04 - 3\/4 de traseira\" class=\"wp-image-1099816\" data-lazy- data-lazy- data-lazy-src=\"https:\/\/www.europesays.com\/pt\/wp-content\/uploads\/2025\/10\/DS-N4-06.webp.webp\"\/>\u00a9 DS Automobiles As altera\u00e7\u00f5es n\u00e3o foram substanciais mas o resultado final \u00e9 manifestamente feliz.<\/p>\n<p>Na dianteira, destacam-se os far\u00f3is Matrix LED (nas vers\u00f5es de topo Etoile) e o feixe de luz que percorre as extremidades do para-choques at\u00e9 convergir no log\u00f3tipo iluminado, ao centro.<\/p>\n<p>J\u00e1 na traseira, a nova assinatura luminosa com \u201cm\u00e1scara negra\u201d e escamas em relevo gravadas a laser refor\u00e7a o car\u00e1ter exclusivo, agora acompanhado pela inscri\u00e7\u00e3o \u201c<a href=\"https:\/\/www.razaoautomovel.com\/marca\/DS-Automobiles\" rel=\"nofollow noopener\" target=\"_blank\">DS Automobiles<\/a>\u201d \u2014 elemento que passar\u00e1 a figurar em todos os modelos da marca.<\/p>\n<p>H\u00edbrido \u201cmild\u201d e el\u00e9trico s\u00e3o novidade<\/p>\n<p>Na gama de motores, o anterior PureTech 130 d\u00e1 lugar ao novo Hybrid 145, com um sistema mild hybrid que combina o motor 1.2 Turbo de tr\u00eas cilindros com um motor el\u00e9trico integrado na caixa autom\u00e1tica de dupla embraiagem. \u00c9 a vers\u00e3o que, para j\u00e1, faz mais sentido. A performance \u00e9 suficiente e os consumos s\u00e3o interessantes.<\/p>\n<p>Mais adiante chegar\u00e1 o h\u00edbrido plug-in de 225 cv, com uma autonomia el\u00e9trica aumentada para 81 km, e a vers\u00e3o 100% el\u00e9trica E-Tense de 213 cv e 450 km de autonomia. Em 2026, juntar-se-\u00e1 ainda uma op\u00e7\u00e3o Diesel, completando a oferta de solu\u00e7\u00f5es em termos de energia.<\/p>\n<p>As dimens\u00f5es mant\u00eam-se inalteradas \u2014 4,40 m de comprimento, 1,87 m de largura e 1,47 m de altura \u2014 assim como a plataforma EMP2, refor\u00e7ada com a\u00e7os de maior qualidade e mais pontos de soldadura, o que garante maior rigidez estrutural. A arquitetura pode j\u00e1 acusar a idade face \u00e0 futura STLA M\u00e9dia, mas continua a servir de base s\u00f3lida para um compacto que aposta na distin\u00e7\u00e3o e no requinte como os principais argumentos.<\/p>\n<p>Mais qualidade do que quantidade<\/p>\n<p>A nova gera\u00e7\u00e3o do DS N\u00ba4 d\u00e1 a entender que no habit\u00e1culo h\u00e1 \u201cmais qualidade do que quantidade\u201d \u2014 uma percep\u00e7\u00e3o que \u00e9 quase imediata. A marca francesa apostou numa clara melhoria dos acabamentos, com materiais de elevada qualidade e uma montagem cuidada.<\/p>\n<p>Os revestimentos alcatifados nas bolsas das portas e no porta-luvas, a pele genu\u00edna e o Alcantara aplicado na faixa central do tabli\u00ea (nas vers\u00f5es Etoile) contribuem para um ambiente requintado, sem recorrer ao excesso decorativo.<\/p>\n<p><img loading=\"lazy\" decoding=\"async\" width=\"2048\" height=\"1365\" src=\"data:image\/svg+xml,%3Csvg%20xmlns=\" http:=\"\" alt=\"DS N\u00b04 - interior\" class=\"wp-image-1099833\" data-lazy- data-lazy- data-lazy-src=\"https:\/\/www.europesays.com\/pt\/wp-content\/uploads\/2025\/10\/DS-N4-13.webp.webp\"\/>\u00a9 DS Automobiles O painel de instrumentos \u00e9 novo, maior e com um grafismo mais n\u00edtido, oferecendo menus fluidos e de leitura intuitiva.<\/p>\n<p>O ecr\u00e3 central de 10\u2019\u2019 segue a mesma linha, partilhando arquitetura com o do DS N\u00ba8 e que tamb\u00e9m integra o sistema DS Iris, agora com capacidade de \u201cconversa\u00e7\u00e3o\u201d assistida por IA atrav\u00e9s do ChatGPT. O resultado \u00e9 um sistema mais responsivo e sofisticado, alinhado com as expectativas do segmento premium.<\/p>\n<p>Entre os equipamentos a destacar, o head-up display surge como um dos melhores da classe \u2014 tanto em luminosidade como em defini\u00e7\u00e3o \u2014 e merece ser inclu\u00eddo na configura\u00e7\u00e3o. Tamb\u00e9m se sa\u00fada a perman\u00eancia de bot\u00f5es f\u00edsicos para a climatiza\u00e7\u00e3o, embora os pictogramas sejam pequenos e de leitura pouco imediata. Menos compreens\u00edvel \u00e9 a disposi\u00e7\u00e3o invertida dos bot\u00f5es de bloqueio de portas e vidros, uma escolha de design que privilegia a originalidade em detrimento da ergonomia.<\/p>\n<p>Na frente, a consola central \u00e9 baixa e aberta, o que melhora a sensa\u00e7\u00e3o de espa\u00e7o. O seletor da transmiss\u00e3o d\u00e1 lugar a simples bot\u00f5es PRND e, ao lado, est\u00e3o os comandos do volume do sistema de som e o seletor dos modos de condu\u00e7\u00e3o. A zona inferior integra um compartimento com tampa e um carregador de smartphone por indu\u00e7\u00e3o, de acesso f\u00e1cil e bem integrado.<\/p>\n<p>Atr\u00e1s, o espa\u00e7o \u00e9 mais contido. O DS N\u00ba4 oferece sa\u00eddas de ventila\u00e7\u00e3o dedicadas, mas sem controlo de temperatura ou intensidade \u2014 algo que se esperaria num modelo deste posicionamento. O espa\u00e7o para as pernas \u00e9 aceit\u00e1vel, mas a altura at\u00e9 ao tejadilho \u00e9 limitada, sobretudo nas vers\u00f5es com teto de abrir.<\/p>\n<p>O t\u00fanel central \u00e9 baixo, o que ajuda o passageiro do meio, mas o \u00f3culo traseiro estreito e os pilares volumosos reduzem a visibilidade posterior. A c\u00e2mara de estacionamento, felizmente, compensa essa limita\u00e7\u00e3o.<\/p>\n<p>Ao volante do mild hybrid<\/p>\n<p>O ensaio ao DS N\u00ba4 decorreu no Porto, cidade escolhida pela marca francesa para apresentar a vers\u00e3o Hybrid 145, aquela que dever\u00e1 concentrar a maioria das vendas em Portugal e na Europa. <\/p>\n<p>A escolha faz sentido: \u00e9 a motoriza\u00e7\u00e3o mais equilibrada da gama e substitui com vantagem o anterior PureTech 130, uma vez que agora inclui um sistema mild hybrid mais eficiente e suave.<\/p>\n<p><img loading=\"lazy\" decoding=\"async\" width=\"2048\" height=\"1366\" src=\"data:image\/svg+xml,%3Csvg%20xmlns=\" http:=\"\" alt=\"DS N\u00b04 - Joaquim Oliveira\" class=\"wp-image-1099841\" data-lazy- data-lazy- data-lazy-src=\"https:\/\/www.europesays.com\/pt\/wp-content\/uploads\/2025\/10\/DS-N4-15.webp.webp\"\/>\u00a9 DS Automobiles Mesmo nos pisos mais degradados, o DS N\u00ba4 mant\u00e9m a postura \u201cfrancesa\u201d, privilegiando o conforto.<\/p>\n<p>O conjunto combina o motor 1.2 turbo de tr\u00eas cilindros e 136 cv a gasolina com um motor el\u00e9trico de 21 kW (29 cv) e 55 Nm, alimentado por uma pequena bateria de 0,49 kWh (\u00fateis). A pot\u00eancia total de 145 cv funciona em conjunto com a tra\u00e7\u00e3o dianteira e com uma caixa autom\u00e1tica de dupla embraiagem e seis velocidades. O resultado \u00e9 uma entrega de pot\u00eancia progressiva e uma resposta imediata nas baixas rota\u00e7\u00f5es, fruto do apoio el\u00e9trico que reduz o atraso t\u00edpico do turbo.<\/p>\n<p>Em estrada, o DS N\u00ba4 mostra um comportamento s\u00f3lido e previs\u00edvel. A suspens\u00e3o, com eixo traseiro de tor\u00e7\u00e3o, mant\u00e9m um bom compromisso entre conforto e estabilidade, ainda que os rivais com eixos independentes (como o A3 ou o S\u00e9rie 1) consigam algo mais. As vias largas e a carro\u00e7aria baixa contribuem para uma sensa\u00e7\u00e3o de seguran\u00e7a em curva, e os pneus 205\/55 R19 ajudam a controlar bem o rolamento.<\/p>\n<p>A dire\u00e7\u00e3o \u00e9 precisa e suficientemente comunicativa. O pequeno di\u00e2metro do volante refor\u00e7a a sensa\u00e7\u00e3o de agilidade, tornando a condu\u00e7\u00e3o mais envolvente. A caixa de dupla embraiagem funciona com suavidade e rapidez, podendo ser controlada manualmente atrav\u00e9s das patilhas no volante. As passagens de rela\u00e7\u00e3o s\u00e3o bem calibradas e o sistema respeita as instru\u00e7\u00f5es do condutor sem hesita\u00e7\u00f5es.<\/p>\n<p>Modos de condu\u00e7\u00e3o<\/p>\n<p>Os modos de condu\u00e7\u00e3o \u2014 Eco, Normal e Sport \u2014 alteram sobretudo a resposta do acelerador e o peso da dire\u00e7\u00e3o. O DS N\u00ba4 revela-se mais reativo em Sport, enquanto no modo Eco privilegia o conforto e a efici\u00eancia. A sonoridade do motor de tr\u00eas cilindros \u00e9 o ponto menos positivo: em carga mais intensa, o ru\u00eddo torna-se evidente, contrastando com a boa insonoriza\u00e7\u00e3o geral do habit\u00e1culo.<\/p>\n<p>Em cidade, o sistema h\u00edbrido mostra-se particularmente eficaz. O motor de combust\u00e3o chega a estar desligado grande parte do tempo em tr\u00e1fego denso, permitindo circular em modo el\u00e9trico durante curtos per\u00edodos. <\/p>\n<p>Num percurso misto, o consumo m\u00e9dio registado foi de 7,9 l\/100 km, acima dos 5,2 l\/100 km homologados, mas aceit\u00e1vel face ao ritmo de ensaio e \u00e0s caracter\u00edsticas do trajeto. Numa toada mais calma \u2014 o que nem sempre aconteceu\u2026 \u2014 este valor estaria seguramente muito mais pr\u00f3ximo do anunciado.<\/p>\n<p>Descubra o seu pr\u00f3ximo autom\u00f3vel:<\/p>\n<p>DS N\u00ba4 j\u00e1 dispon\u00edvel<\/p>\n<p>J\u00e1 dispon\u00edvel para encomenda em Portugal, o DS N\u00ba4 Hybrid 145 tem pre\u00e7os a partir de <a href=\"https:\/\/www.credibom.pt\/credito\/automovel\" target=\"_blank\" rel=\"noreferrer noopener nofollow\">37 550 euros<\/a>, enquanto a vers\u00e3o 100% el\u00e9trica E-Tense come\u00e7a nos 46 850 euros. Com esta gama, o compacto franc\u00eas posiciona-se entre os rivais premium de entrada, oferecendo mais equipamento de s\u00e9rie e um design mais distinto.<\/p>\n<p>A estrat\u00e9gia \u00e9 clara: refor\u00e7ar o apelo deste N\u00ba4 junto de quem procura um autom\u00f3vel compacto, eficiente e com uma imagem diferenciada dos habituais alem\u00e3es. O futuro h\u00edbrido plug-in de 225 cv dever\u00e1 completar a oferta no topo da gama, e a chegada de uma vers\u00e3o Diesel em 2026 garantir\u00e1 uma resposta mais direta a quem privilegia longas dist\u00e2ncias e consumos baixos.<\/p>\n<p><img loading=\"lazy\" decoding=\"async\" width=\"2048\" height=\"1365\" src=\"data:image\/svg+xml,%3Csvg%20xmlns=\" http:=\"\" alt=\"DS N\u00b04 - 3\/4 de frente\" class=\"wp-image-1099818\" data-lazy- data-lazy- data-lazy-src=\"https:\/\/www.europesays.com\/pt\/wp-content\/uploads\/2025\/10\/DS-N4-08.webp.webp\"\/>\u00a9 DS Automobiles<\/p>\n<p>                                                                        DS N\u00ba4 145 Hybrid<br \/>\n                                    Primeiras impress\u00f5es<\/p>\n<p>\t\t\t\t7.5\/10<\/p>\n<p>Mais refinado e elegante por dentro e por fora, o renovado DS N\u00ba4 concede o direito \u00e0 diferen\u00e7a a quem procura um compacto premium que n\u00e3o seja alem\u00e3o. O espa\u00e7o \u00e9 algo limitado na segunda fila, mas a bagageira compensa pela amplitude. Mostra um comportamento equilibrado e competente, com presta\u00e7\u00f5es medianas e um motor que se torna demasiado aud\u00edvel quando dele se exige mais.<\/p>\n<p>        Pr\u00f3s<\/p>\n<ul class=\"c-pros-cons_pros-list\">\n<li>Est\u00e9tica elegante e diferenciada<\/li>\n<li>Comportamento eficaz<\/li>\n<li>Bagageira ampla<\/li>\n<li>Vers\u00e3o 100% na gama<\/li>\n<\/ul>\n<p>        Contras<\/p>\n<ul class=\"c-pros-cons_cons-list\">\n<li>Espa\u00e7o na segunda fila de assentos<\/li>\n<li>Bot\u00f5es de bloqueio de vidros e portas<\/li>\n<li>Sem ajuste de climatiza\u00e7\u00e3o atr\u00e1s<\/li>\n<li>Sonoridade do motor em regimes mais elevados<\/li>\n<\/ul>\n<tr>DS N\u00ba4 Hybrid 145<\/tr>\n<tr>Motor (combust\u00e3o)<\/tr>\n<tr>\n<td>Arquitetura<\/td>\n<td>3 cilindros em linha<\/td>\n<\/tr>\n<tr>\n<td>Posicionamento<\/td>\n<td>Dianteiro, transversal<\/td>\n<\/tr>\n<tr>\n<td>Capacidade<\/td>\n<td>1199 cm3<\/td>\n<\/tr>\n<tr>\n<td>Distribui\u00e7\u00e3o<\/td>\n<td>2 a.c.c. \/ 4 v\u00e1lv. por cilindro (12 v\u00e1lv.)<\/td>\n<\/tr>\n<tr>\n<td>Alimenta\u00e7\u00e3o<\/td>\n<td>Inje\u00e7\u00e3o direta com turbo<\/td>\n<\/tr>\n<tr>\n<td>Pot\u00eancia<\/td>\n<td>136 cv \u00e0s 5500 rpm<\/td>\n<\/tr>\n<tr>\n<td>Bin\u00e1rio<\/td>\n<td>230 Nm \u00e0s 1750 rpm<\/td>\n<\/tr>\n<tr>\n<td><strong>Motor (el\u00e9trico)<\/strong><\/td>\n<td\/><\/tr>\n<tr>\n<td>Pot\u00eancia<\/td>\n<td>21 kW (29 cv)<\/td>\n<\/tr>\n<tr>\n<td>Bin\u00e1rio<\/td>\n<td>55 Nm<\/td>\n<\/tr>\n<tr>\n<td>Capacidade da bateria<\/td>\n<td>0,89 kWh (0,49 kWh \u00fateis)<\/td>\n<\/tr>\n<tr>\n<td><strong>Rendimento total sistema<\/strong><\/td>\n<td>145 cv <\/td>\n<\/tr>\n<tr>Transmiss\u00e3o<\/tr>\n<tr>\n<td>Tra\u00e7\u00e3o<\/td>\n<td>Dianteira<\/td>\n<\/tr>\n<tr>\n<td>Caixa de velocidades<\/td>\n<td>Autom\u00e1tica de dupla embraiagem com 6 vel.<\/td>\n<\/tr>\n<tr>Chassis<\/tr>\n<tr>\n<td>Suspens\u00e3o<\/td>\n<td>FR: Independente, MacPherson<br \/>TR: Eixo de tor\u00e7\u00e3o<\/td>\n<\/tr>\n<tr>\n<td>Trav\u00f5es<\/td>\n<td>FR: Discos ventilados<br \/>TR: Discos<\/td>\n<\/tr>\n<tr>\n<td>Dire\u00e7\u00e3o<\/td>\n<td>Assist\u00eancia el\u00e9trica<\/td>\n<\/tr>\n<tr>Dimens\u00f5es e Capacidades<\/tr>\n<tr>\n<td>Comp. x Larg. x Alt.<\/td>\n<td>4400 mm x 1886 mm x 1490 mm<\/td>\n<\/tr>\n<tr>\n<td>Dist\u00e2ncia entre eixos<\/td>\n<td>2675 mm<\/td>\n<\/tr>\n<tr>\n<td>Capacidade da mala<\/td>\n<td>360 l<\/td>\n<\/tr>\n<tr>\n<td>Capacidade do dep\u00f3sito<\/td>\n<td>52 l<\/td>\n<\/tr>\n<tr>\n<td>Pneus<\/td>\n<td>205\/55 R19<\/td>\n<\/tr>\n<tr>\n<td>Peso<\/td>\n<td>1454 kg<\/td>\n<\/tr>\n<tr>Presta\u00e7\u00f5es e consumos<\/tr>\n<tr>\n<td>Velocidade m\u00e1xima<\/td>\n<td>203 km\/h<\/td>\n<\/tr>\n<tr>\n<td>0-100 km\/h<\/td>\n<td>9,4s<\/td>\n<\/tr>\n<tr>\n<td>Consumo misto<\/td>\n<td>5,2 l\/100 km<\/td>\n<\/tr>\n<tr>\n<td>Emiss\u00f5es de CO2<\/td>\n<td>116 g\/km<\/td>\n<\/tr>\n<p>\t\t\tSabe esta resposta?<br \/>\n\t\t\tEm que ano come\u00e7ou o concurso do Carro do Ano em Portugal?<\/p>\n","protected":false},"excerpt":{"rendered":"A DS acaba de renovar o seu N\u00ba4. Tem um novo nome, est\u00e1 mais distinto e conta com&hellip;\n","protected":false},"author":2,"featured_media":103306,"comment_status":"","ping_status":"","sticky":false,"template":"","format":"standard","meta":{"footnotes":""},"categories":[83],"tags":[425,88,4603,25026,4604,89,90,32,21305,33,951],"class_list":{"0":"post-103305","1":"post","2":"type-post","3":"status-publish","4":"format-standard","5":"has-post-thumbnail","7":"category-empresas","8":"tag-apresentacao","9":"tag-business","10":"tag-ds","11":"tag-ds-automobiles","12":"tag-ds-no4","13":"tag-economy","14":"tag-empresas","15":"tag-portugal","16":"tag-primeiro-contacto","17":"tag-pt","18":"tag-testes"},"share_on_mastodon":{"url":"","error":""},"_links":{"self":[{"href":"https:\/\/www.europesays.com\/pt\/wp-json\/wp\/v2\/posts\/103305","targetHints":{"allow":["GET"]}}],"collection":[{"href":"https:\/\/www.europesays.com\/pt\/wp-json\/wp\/v2\/posts"}],"about":[{"href":"https:\/\/www.europesays.com\/pt\/wp-json\/wp\/v2\/types\/post"}],"author":[{"embeddable":true,"href":"https:\/\/www.europesays.com\/pt\/wp-json\/wp\/v2\/users\/2"}],"replies":[{"embeddable":true,"href":"https:\/\/www.europesays.com\/pt\/wp-json\/wp\/v2\/comments?post=103305"}],"version-history":[{"count":0,"href":"https:\/\/www.europesays.com\/pt\/wp-json\/wp\/v2\/posts\/103305\/revisions"}],"wp:featuredmedia":[{"embeddable":true,"href":"https:\/\/www.europesays.com\/pt\/wp-json\/wp\/v2\/media\/103306"}],"wp:attachment":[{"href":"https:\/\/www.europesays.com\/pt\/wp-json\/wp\/v2\/media?parent=103305"}],"wp:term":[{"taxonomy":"category","embeddable":true,"href":"https:\/\/www.europesays.com\/pt\/wp-json\/wp\/v2\/categories?post=103305"},{"taxonomy":"post_tag","embeddable":true,"href":"https:\/\/www.europesays.com\/pt\/wp-json\/wp\/v2\/tags?post=103305"}],"curies":[{"name":"wp","href":"https:\/\/api.w.org\/{rel}","templated":true}]}}