{"id":103311,"date":"2025-10-09T10:53:19","date_gmt":"2025-10-09T10:53:19","guid":{"rendered":"https:\/\/www.europesays.com\/pt\/103311\/"},"modified":"2025-10-09T10:53:19","modified_gmt":"2025-10-09T10:53:19","slug":"os-dados-de-todos-os-concelhos-e-freguesias-observador","status":"publish","type":"post","link":"https:\/\/www.europesays.com\/pt\/103311\/","title":{"rendered":"os dados de todos os concelhos e freguesias \u2013 Observador"},"content":{"rendered":"<p>\u00c9 um projeto in\u00e9dito. Para as elei\u00e7\u00f5es aut\u00e1rquicas do pr\u00f3ximo domingo, 12 de outubro, o Observador e o Movimento \u201cEu Voto\u201d juntaram-se para lan\u00e7ar o <a href=\"https:\/\/observador.pt\/autarquicas-2025\/eleicoes-308\/\" rel=\"nofollow noopener\" target=\"_blank\">\u201cElei\u00e7\u00f5es 308\u201d<\/a>. Trata-se de uma plataforma digital que re\u00fane, pela primeira vez, informa\u00e7\u00e3o eleitoral detalhada sobre todos os concelhos e freguesias do pa\u00eds. Tendo em conta a enorme quantidade de dados, foi preciso recorrer a Intelig\u00eancia Artificial, que gerou os conte\u00fados tendo como base fontes p\u00fablicas e dados oficiais. Depois, uma parte substancial dos artigos foi revista por mais de 200 volunt\u00e1rios do Movimento Eu Voto, divididos por 20 grupos, que ficaram encarregues dos 18 distritos do continente e as 2 regi\u00f5es aut\u00f3nomas.<\/p>\n<p>Os eleitores passam assim a ter \u00e0 sua disposi\u00e7\u00e3o um trabalho sem precedentes em Portugal, que re\u00fane de forma exaustiva as seguintes informa\u00e7\u00f5es:<\/p>\n<ul>\n<li>Resultados das elei\u00e7\u00f5es de 12 de outubro, que v\u00e3o ser atualizados em tempo real assim que forem divulgados os dados oficiais da Comiss\u00e3o Nacional de Elei\u00e7\u00f5es (CNE).<\/li>\n<li>Estes resultados incluir\u00e3o a distribui\u00e7\u00e3o de votos por candidato, a composi\u00e7\u00e3o da C\u00e2mara Municipal e das Assembleias de Freguesia de cada concelho.<\/li>\n<li>O panorama territorial e demogr\u00e1fico de cada munic\u00edpio, para compreender melhor o contexto local de cada vota\u00e7\u00e3o.<\/li>\n<li>O contexto pol\u00edtico das elei\u00e7\u00f5es aut\u00e1rquicas em cada concelho e o que est\u00e1 em jogo em cada disputa local.<\/li>\n<li>A an\u00e1lise dos resultados eleitorais de 2021, permitindo perceber as din\u00e2micas pol\u00edticas e as mudan\u00e7as mais relevantes em rela\u00e7\u00e3o \u00e0s \u00faltimas aut\u00e1rquicas.<\/li>\n<li>A evolu\u00e7\u00e3o comparativa dos resultados entre 2013 e 2021, para observar as tend\u00eancias pol\u00edticas e a oscila\u00e7\u00e3o do voto ao longo da \u00faltima d\u00e9cada.<\/li>\n<li>O hist\u00f3rico da participa\u00e7\u00e3o eleitoral em cada concelho, para acompanhar como tem evolu\u00eddo a taxa de absten\u00e7\u00e3o e o envolvimento dos cidad\u00e3os.<\/li>\n<li>Informa\u00e7\u00f5es pr\u00e1ticas sobre o voto e o processo eleitoral para os eleitores locais.<\/li>\n<li>E, ainda, uma lista com links diretos para todas as freguesias de cada concelho, onde \u00e9 poss\u00edvel consultar as especificidades e os dados pr\u00f3prios de cada freguesia.<\/li>\n<\/ul>\n<p>Com o \u201cElei\u00e7\u00f5es 308\u201d, o Observador e o Movimento \u201cEu Voto\u201d colocam ao servi\u00e7o dos eleitores uma ferramenta de transpar\u00eancia, literacia c\u00edvica e participa\u00e7\u00e3o democr\u00e1tica, que combina tecnologia, jornalismo e cidadania.<\/p>\n<p>O Movimento \u201cEu Voto\u201d \u00e9 uma plataforma independente fundada em 2020 que tem como principal objetivo o incentivo ao voto consciente e informado. Em 2023, o Movimento \u201cEu Voto\u201d recebeu o Pr\u00e9mio Cidad\u00e3o Europeu, atribu\u00eddo pelo Parlamento Europeu, e em 2024 foi-lhe atribu\u00eddo um voto de congratula\u00e7\u00e3o pela Assembleia Legislativa da Madeira, aprovado por unanimidade, pelo trabalho apartid\u00e1rio durante as elei\u00e7\u00f5es regionais de 2023. Desde maio de 2024, o \u201cEu Voto\u201d tem tamb\u00e9m um programa semanal de coment\u00e1rio pol\u00edtico jovem em parceria com a R\u00e1dio Observador, o <a href=\"https:\/\/observador.pt\/programas\/gera-o-v\/\" rel=\"nofollow noopener\" target=\"_blank\">\u201cGera\u00e7\u00e3o V\u201d<\/a>, de voto, que tamb\u00e9m pode ouvir em podcast.<\/p>\n<p>                            Se tiver uma hist\u00f3ria que queira partilhar sobre irregularidades na sua autarquia, preencha<br \/>\n                            <a href=\"https:\/\/forms.gle\/uQ1gDpSwmRd7ezUf8\" target=\"_blank\" rel=\"noopener noreferrer nofollow\">este formul\u00e1rio an\u00f3nimo<\/a>.<\/p>\n","protected":false},"excerpt":{"rendered":"\u00c9 um projeto in\u00e9dito. Para as elei\u00e7\u00f5es aut\u00e1rquicas do pr\u00f3ximo domingo, 12 de outubro, o Observador e o&hellip;\n","protected":false},"author":2,"featured_media":103312,"comment_status":"","ping_status":"","sticky":false,"template":"","format":"standard","meta":{"footnotes":""},"categories":[8],"tags":[2163,27,28,1077,15,16,14,25,26,21,22,12,13,19,20,302,32,23,24,33,17,18,29,30,31],"class_list":{"0":"post-103311","1":"post","2":"type-post","3":"status-publish","4":"format-standard","5":"has-post-thumbnail","7":"category-principais-noticias","8":"tag-autu00e1rquicas-2025","9":"tag-breaking-news","10":"tag-breakingnews","11":"tag-eleiu00e7u00f5es","12":"tag-featured-news","13":"tag-featurednews","14":"tag-headlines","15":"tag-latest-news","16":"tag-latestnews","17":"tag-main-news","18":"tag-mainnews","19":"tag-news","20":"tag-noticias","21":"tag-noticias-principais","22":"tag-noticiasprincipais","23":"tag-polu00edtica","24":"tag-portugal","25":"tag-principais-noticias","26":"tag-principaisnoticias","27":"tag-pt","28":"tag-top-stories","29":"tag-topstories","30":"tag-ultimas","31":"tag-ultimas-noticias","32":"tag-ultimasnoticias"},"share_on_mastodon":{"url":"","error":""},"_links":{"self":[{"href":"https:\/\/www.europesays.com\/pt\/wp-json\/wp\/v2\/posts\/103311","targetHints":{"allow":["GET"]}}],"collection":[{"href":"https:\/\/www.europesays.com\/pt\/wp-json\/wp\/v2\/posts"}],"about":[{"href":"https:\/\/www.europesays.com\/pt\/wp-json\/wp\/v2\/types\/post"}],"author":[{"embeddable":true,"href":"https:\/\/www.europesays.com\/pt\/wp-json\/wp\/v2\/users\/2"}],"replies":[{"embeddable":true,"href":"https:\/\/www.europesays.com\/pt\/wp-json\/wp\/v2\/comments?post=103311"}],"version-history":[{"count":0,"href":"https:\/\/www.europesays.com\/pt\/wp-json\/wp\/v2\/posts\/103311\/revisions"}],"wp:featuredmedia":[{"embeddable":true,"href":"https:\/\/www.europesays.com\/pt\/wp-json\/wp\/v2\/media\/103312"}],"wp:attachment":[{"href":"https:\/\/www.europesays.com\/pt\/wp-json\/wp\/v2\/media?parent=103311"}],"wp:term":[{"taxonomy":"category","embeddable":true,"href":"https:\/\/www.europesays.com\/pt\/wp-json\/wp\/v2\/categories?post=103311"},{"taxonomy":"post_tag","embeddable":true,"href":"https:\/\/www.europesays.com\/pt\/wp-json\/wp\/v2\/tags?post=103311"}],"curies":[{"name":"wp","href":"https:\/\/api.w.org\/{rel}","templated":true}]}}