{"id":103315,"date":"2025-10-09T10:56:42","date_gmt":"2025-10-09T10:56:42","guid":{"rendered":"https:\/\/www.europesays.com\/pt\/103315\/"},"modified":"2025-10-09T10:56:42","modified_gmt":"2025-10-09T10:56:42","slug":"kindle-tem-oferta-exclusiva-em-ate-12x-sem-juros-na-amazon-tecnoblog","status":"publish","type":"post","link":"https:\/\/www.europesays.com\/pt\/103315\/","title":{"rendered":"Kindle tem oferta exclusiva em at\u00e9 12x sem juros na Amazon \u2022 Tecnoblog"},"content":{"rendered":"<p>O Kindle de 16 GB est\u00e1 saindo por apenas <a href=\"https:\/\/tecno.click\/3yw\" target=\"_blank\" rel=\"sponsored nofollow noopener\">R$ 549 parcel\u00e1veis em at\u00e9 12x sem juros<\/a>. Nesta oferta, o e-reader est\u00e1 15% mais barato em rela\u00e7\u00e3o ao pre\u00e7o oficial, mas o desconto \u00e9 exclusivo para assinantes Amazon Prime. A tela e-ink antirreflexo e a bateria para at\u00e9 seis semanas de leitura s\u00e3o destaques.<\/p>\n<p>Kindle tem tela e-ink de 6\u2033 e autonomia at\u00e9 6 semanas<\/p>\n<p><img loading=\"lazy\" decoding=\"async\" width=\"1060\" height=\"597\" data-wp-class--hide=\"state.isContentHidden\" data-wp-class--show=\"state.isContentVisible\" data-wp-init=\"callbacks.setButtonStyles\" data-wp-on-async--click=\"actions.showLightbox\" data-wp-on-async--load=\"callbacks.setButtonStyles\" data-wp-on-async-window--resize=\"callbacks.setButtonStyles\" alt=\"Kindle 2024 (Imagem: Laura Canal\/Tecnoblog)\" class=\"wp-image-792753 perfmatters-lazy\" src=\"https:\/\/www.europesays.com\/pt\/wp-content\/uploads\/2025\/10\/20241029_181154-1060x597.jpg\"  data-\/><\/p>\n<p>\t\tKindle 2024 (Imagem: Laura Canal\/Tecnoblog)<\/p>\n<p>A <a href=\"https:\/\/tecnoblog.net\/responde\/o-que-e-e-como-funciona-a-tela-e-ink\/\" rel=\"nofollow noopener\" target=\"_blank\">tela e-ink<\/a> oferece uma leitura natural, semelhante ao papel, com alta legibilidade, mesmo sob luz direta. A tecnologia antirreflexo minimiza o cansa\u00e7o visual, assim como o modo noturno. Com 6 polegadas e 300 ppi, \u00e9 perfeita para longos per\u00edodos de leitura sem a fadiga causada por telas tradicionais.<\/p>\n<p>J\u00e1 a bateria aguenta at\u00e9 6 semanas com uma \u00fanica carga, segundo a Amazon. Isso se baseia em uma leitura di\u00e1ria de meia hora, com Wi-Fi desligado e brilho ajustado. A longa dura\u00e7\u00e3o elimina a necessidade de recargas frequentes, garantindo mais tempo de leitura sem interrup\u00e7\u00f5es.<\/p>\n<p>Al\u00e9m disso, com 16 GB de armazenamento, \u00e9 poss\u00edvel armazenar milhares de <a href=\"https:\/\/tecnoblog.net\/responde\/o-que-e-e-book\/\" rel=\"nofollow noopener\" target=\"_blank\">e-books<\/a>, revistas e hist\u00f3rias em quadrinhos, com uma ampla variedade de t\u00edtulos dispon\u00edveis na loja Kindle. A conectividade Wi-Fi (compat\u00edvel com redes de 2,4 GHz e 5,0 GHz) facilita o download direto dos livros.<\/p>\n<p><img loading=\"lazy\" decoding=\"async\" width=\"1060\" height=\"597\" data-wp-class--hide=\"state.isContentHidden\" data-wp-class--show=\"state.isContentVisible\" data-wp-init=\"callbacks.setButtonStyles\" data-wp-on-async--click=\"actions.showLightbox\" data-wp-on-async--load=\"callbacks.setButtonStyles\" data-wp-on-async-window--resize=\"callbacks.setButtonStyles\" alt=\"Novo Kindle 2024 tamb\u00e9m \u00e9 vendido na cor Matcha (Imagem: Divulga\u00e7\u00e3o\/Amazon)\" class=\"wp-image-797153 perfmatters-lazy\" src=\"https:\/\/www.europesays.com\/pt\/wp-content\/uploads\/2025\/10\/hkvz598v-edited-1060x597.png\"  data-\/><\/p>\n<p>\t\tNovo Kindle 2024 tamb\u00e9m \u00e9 vendido na cor Matcha (Imagem: Divulga\u00e7\u00e3o\/Amazon)<\/p>\n<p>Lembrando que o Kindle (16 GB) est\u00e1 saindo por apenas <a href=\"https:\/\/tecno.click\/3yw\" target=\"_blank\" rel=\"sponsored nofollow noopener\">R$ 549 parcel\u00e1veis em at\u00e9 12x sem juros<\/a> na Amazon para assinantes do Prime. E \u00e9 outra \u00f3tima op\u00e7\u00e3o de presente para o Dia das Crian\u00e7as desse ano. O leitor de livros digitais na cor verde matcha est\u00e1 pelo mesmo pre\u00e7o na promo\u00e7\u00e3o.<\/p>\n<p><a href=\"https:\/\/tecnoblog.net\/etica\/#h-links-de-afiliados\" rel=\"nofollow noopener\" target=\"_blank\">Aviso de \u00e9tica:<\/a> ao clicar em um link de afiliado, o pre\u00e7o n\u00e3o muda para voc\u00ea e recebemos uma comiss\u00e3o.<\/p>\n<p>    <a href=\"https:\/\/tecnoblog.net\/sobre\/amazon-2\/\" rel=\"tag nofollow noopener\" target=\"_blank\">Amazon<\/a><a href=\"https:\/\/tecnoblog.net\/sobre\/kindle\/\" rel=\"tag nofollow noopener\" target=\"_blank\">Kindle<\/a><a href=\"https:\/\/tecnoblog.net\/sobre\/prime-video\/\" rel=\"tag nofollow noopener\" target=\"_blank\">Prime Video<\/a><a href=\"https:\/\/tecnoblog.net\/sobre\/dia-das-criancas\/\" rel=\"tag nofollow noopener\" target=\"_blank\">Dia das Crian\u00e7as<\/a><a href=\"https:\/\/tecnoblog.net\/sobre\/wi-fi\/\" rel=\"tag nofollow noopener\" target=\"_blank\">Wi-Fi<\/a>  <\/p>\n","protected":false},"excerpt":{"rendered":"O Kindle de 16 GB est\u00e1 saindo por apenas R$ 549 parcel\u00e1veis em at\u00e9 12x sem juros. Nesta&hellip;\n","protected":false},"author":2,"featured_media":103316,"comment_status":"","ping_status":"","sticky":false,"template":"","format":"standard","meta":{"footnotes":""},"categories":[143],"tags":[514,169,114,115,513,170,32,33],"class_list":{"0":"post-103315","1":"post","2":"type-post","3":"status-publish","4":"format-standard","5":"has-post-thumbnail","7":"category-livros","8":"tag-amazon","9":"tag-books","10":"tag-entertainment","11":"tag-entretenimento","12":"tag-kindle","13":"tag-livros","14":"tag-portugal","15":"tag-pt"},"share_on_mastodon":{"url":"","error":""},"_links":{"self":[{"href":"https:\/\/www.europesays.com\/pt\/wp-json\/wp\/v2\/posts\/103315","targetHints":{"allow":["GET"]}}],"collection":[{"href":"https:\/\/www.europesays.com\/pt\/wp-json\/wp\/v2\/posts"}],"about":[{"href":"https:\/\/www.europesays.com\/pt\/wp-json\/wp\/v2\/types\/post"}],"author":[{"embeddable":true,"href":"https:\/\/www.europesays.com\/pt\/wp-json\/wp\/v2\/users\/2"}],"replies":[{"embeddable":true,"href":"https:\/\/www.europesays.com\/pt\/wp-json\/wp\/v2\/comments?post=103315"}],"version-history":[{"count":0,"href":"https:\/\/www.europesays.com\/pt\/wp-json\/wp\/v2\/posts\/103315\/revisions"}],"wp:featuredmedia":[{"embeddable":true,"href":"https:\/\/www.europesays.com\/pt\/wp-json\/wp\/v2\/media\/103316"}],"wp:attachment":[{"href":"https:\/\/www.europesays.com\/pt\/wp-json\/wp\/v2\/media?parent=103315"}],"wp:term":[{"taxonomy":"category","embeddable":true,"href":"https:\/\/www.europesays.com\/pt\/wp-json\/wp\/v2\/categories?post=103315"},{"taxonomy":"post_tag","embeddable":true,"href":"https:\/\/www.europesays.com\/pt\/wp-json\/wp\/v2\/tags?post=103315"}],"curies":[{"name":"wp","href":"https:\/\/api.w.org\/{rel}","templated":true}]}}