{"id":103317,"date":"2025-10-09T10:57:07","date_gmt":"2025-10-09T10:57:07","guid":{"rendered":"https:\/\/www.europesays.com\/pt\/103317\/"},"modified":"2025-10-09T10:57:07","modified_gmt":"2025-10-09T10:57:07","slug":"cristina-ferreira-esclarece-polemica-e-irritada-de-liliana-e-ze-na-sentenca-nao-inventem","status":"publish","type":"post","link":"https:\/\/www.europesays.com\/pt\/103317\/","title":{"rendered":"Cristina Ferreira esclarece pol\u00e9mica (e irritada) de Liliana e Z\u00e9 n&#8217;A Senten\u00e7a: &#8220;n\u00e3o inventem&#8221;"},"content":{"rendered":"<p>  <img width=\"780\" height=\"470\" src=\"https:\/\/www.europesays.com\/pt\/wp-content\/uploads\/2025\/10\/cristina-ferreira-1-2-780x470.jpg\" alt=\"Cristina Ferreira fala irritada de Liliana e Z\u00e9 n'A Senten\u00e7a &quot;n\u00e3o inventem&quot;\" data-main-img=\"1\" decoding=\"async\" fetchpriority=\"high\"\/>   Cristina Ferreira fala irritada de Liliana e Z\u00e9 n&#8217;A Senten\u00e7a &#8220;n\u00e3o inventem&#8221;Cristina Ferreira esclarece na <a href=\"https:\/\/dioguinho.com\/category\/tvi\/\" rel=\"nofollow noopener\" target=\"_blank\">TVI<\/a>, a pol\u00e9mica em torno de Liliana e Z\u00e9, da Casa dos Segredos, que participaram no \u2018A Senten\u00e7a\u2019.<\/p>\n<p>\u201cEles foram figurantes, o Z\u00e9 e a Liliana, foram figurantes, como j\u00e1 foram milhares de pessoas figurantes naquele programa, ali\u00e1s, qualquer pessoa que esteja inscrita numa ag\u00eancia de figura\u00e7\u00e3o pode ser chamada para vir fazer o programa, a senten\u00e7a, como tamb\u00e9m alguns dos outros concorrentes j\u00e1 passaram por programas de televis\u00e3o.\u201d<\/p>\n<p>Visivelmente irritada, ainda esclarece,<strong> \u201cisso n\u00e3o diz nada daquilo que andou a insinuar, que isto foi uma coisa arranjada, que isto foi uma coisa, acho que se percebe perfeitamente que isto foi tudo menos uma coisa planeada e passaram por uma fase de casting como passaram todos os outros em todas as fases at\u00e9 chegarem aqui. Cada vez mais as pessoas aparecem na televis\u00e3o, quantos \u00e9 que j\u00e1 aqui tivemos que entraram em reality que j\u00e1 tinham passado por programas de televis\u00e3o. A L\u00eddia foi a nossa convidada aqui a contar a hist\u00f3ria, portanto, n\u00e3o inventem\u2026\u201d<\/strong><\/p>\n","protected":false},"excerpt":{"rendered":"Cristina Ferreira fala irritada de Liliana e Z\u00e9 n&#8217;A Senten\u00e7a &#8220;n\u00e3o inventem&#8221;Cristina Ferreira esclarece na TVI, a pol\u00e9mica&hellip;\n","protected":false},"author":2,"featured_media":103318,"comment_status":"","ping_status":"","sticky":false,"template":"","format":"standard","meta":{"footnotes":""},"categories":[142],"tags":[166,114,115,32,33,151,162],"class_list":{"0":"post-103317","1":"post","2":"type-post","3":"status-publish","4":"format-standard","5":"has-post-thumbnail","7":"category-tv","8":"tag-cristina-ferreira","9":"tag-entertainment","10":"tag-entretenimento","11":"tag-portugal","12":"tag-pt","13":"tag-tv","14":"tag-tvi"},"share_on_mastodon":{"url":"","error":""},"_links":{"self":[{"href":"https:\/\/www.europesays.com\/pt\/wp-json\/wp\/v2\/posts\/103317","targetHints":{"allow":["GET"]}}],"collection":[{"href":"https:\/\/www.europesays.com\/pt\/wp-json\/wp\/v2\/posts"}],"about":[{"href":"https:\/\/www.europesays.com\/pt\/wp-json\/wp\/v2\/types\/post"}],"author":[{"embeddable":true,"href":"https:\/\/www.europesays.com\/pt\/wp-json\/wp\/v2\/users\/2"}],"replies":[{"embeddable":true,"href":"https:\/\/www.europesays.com\/pt\/wp-json\/wp\/v2\/comments?post=103317"}],"version-history":[{"count":0,"href":"https:\/\/www.europesays.com\/pt\/wp-json\/wp\/v2\/posts\/103317\/revisions"}],"wp:featuredmedia":[{"embeddable":true,"href":"https:\/\/www.europesays.com\/pt\/wp-json\/wp\/v2\/media\/103318"}],"wp:attachment":[{"href":"https:\/\/www.europesays.com\/pt\/wp-json\/wp\/v2\/media?parent=103317"}],"wp:term":[{"taxonomy":"category","embeddable":true,"href":"https:\/\/www.europesays.com\/pt\/wp-json\/wp\/v2\/categories?post=103317"},{"taxonomy":"post_tag","embeddable":true,"href":"https:\/\/www.europesays.com\/pt\/wp-json\/wp\/v2\/tags?post=103317"}],"curies":[{"name":"wp","href":"https:\/\/api.w.org\/{rel}","templated":true}]}}