{"id":103321,"date":"2025-10-09T10:59:07","date_gmt":"2025-10-09T10:59:07","guid":{"rendered":"https:\/\/www.europesays.com\/pt\/103321\/"},"modified":"2025-10-09T10:59:07","modified_gmt":"2025-10-09T10:59:07","slug":"visao-de-carlos-iii-sobre-o-ambiente-sera-novo-documentario-familia-real-britanica","status":"publish","type":"post","link":"https:\/\/www.europesays.com\/pt\/103321\/","title":{"rendered":"Vis\u00e3o de Carlos III sobre o ambiente ser\u00e1 novo document\u00e1rio | Fam\u00edlia Real Brit\u00e2nica"},"content":{"rendered":"<p>O rei Carlos III foi considerado \u201cum pouco exc\u00eantrico\u201d por ter manifestado preocupa\u00e7\u00e3o com os problemas ambientais, h\u00e1 algumas d\u00e9cadas. Agora, est\u00e1 a ser preparado um novo <a href=\"https:\/\/www.publico.pt\/2025\/02\/01\/impar\/noticia\/carlos-iii-vai-protagonista-documentario-amazon-prime-2120994\" rel=\"nofollow noopener\" target=\"_blank\">document\u00e1rio <\/a>que tem por objectivo mostrar que as ideias outrora vistas como exc\u00eantricas se disseminaram e como o ent\u00e3o pr\u00edncipe de Gales ajudou a lev\u00e1-las a novas audi\u00eancias.<\/p>\n<p>O monarca de 76 anos falou pela primeira vez dos perigos dos \u201crecipientes de pl\u00e1stico indestrut\u00edveis\u201d e da polui\u00e7\u00e3o causada por \u201ccarros e avi\u00f5es intermin\u00e1veis\u201d no in\u00edcio da d\u00e9cada de 1970, muito antes de a protec\u00e7\u00e3o do planeta se ter tornado um tema da agenda mundial.<\/p>\n<p>\u201cPoucas pessoas em todo o mundo conhecem em profundidade a batalha de toda a vida do rei para harmonizar a natureza e a humanidade\u201d, declarou o realizador do filme, Nicolas Brown, em comunicado.<\/p>\n<p>Finding Harmony: A King&#8217;s Vision (Encontrar a Harmonia: a vis\u00e3o de um rei, em tradu\u00e7\u00e3o livre) ir\u00e1 explorar a hist\u00f3ria da cren\u00e7a de Carlos de que a natureza est\u00e1 no centro do bem-estar humano e real\u00e7ar a necessidade urgente de a proteger. O filme dever\u00e1 ser lan\u00e7ado no in\u00edcio do pr\u00f3ximo ano, afigurando-se tamb\u00e9m como um contrapeso ao cepticismo sobre as quest\u00f5es ambientais manifestado pelo Presidente dos EUA, Donald Trump.<\/p>\n<p>O filme apresentar\u00e1 ainda os projectos de Carlos na sua resid\u00eancia de Highgrove e na Dumfries House \u2014 parte da sua institui\u00e7\u00e3o de solidariedade, a The King&#8217;s Foundation \u2014 bem como na \u00cdndia e na Guiana.<\/p>\n<p>\u201cA natureza \u00e9 o nosso sustent\u00e1culo \u2014 n\u00f3s somos uma parte da natureza. Por conseguinte, o que lhe fazemos, fazemo-lo a n\u00f3s pr\u00f3prios\u201d, defende Carlos numa declara\u00e7\u00e3o emitida pela King\u2019 Foundation.<\/p>\n<p>As campanhas ambientais do monarca inspiraram os seus dois filhos. O herdeiro do trono, o pr\u00edncipe William, criou a institui\u00e7\u00e3o<a href=\"https:\/\/www.publico.pt\/2024\/11\/07\/impar\/noticia\/william-usa-blazer-segunda-mao-tenis-biodegradaveis-entrega-premios-2110906\" rel=\"nofollow noopener\" target=\"_blank\"> Earthshot<\/a>, que oferece pr\u00e9mios de v\u00e1rios milh\u00f5es de libras para ajudar a financiar tecnologias ambientais; enquanto o filho mais novo, o pr\u00edncipe Harry, defende causas relacionadas com a conserva\u00e7\u00e3o e a vida selvagem.<\/p>\n<p>O filme estar\u00e1 dispon\u00edvel na Prime Video da Amazon, marcando a mais recente iniciativa da fam\u00edlia real brit\u00e2nica para abra\u00e7ar as plataformas de streaming. No in\u00edcio de Outubro, <a href=\"https:\/\/www.publico.pt\/2025\/10\/03\/impar\/noticia\/entrevista-exclusiva-william-fala-doenca-kate-filhos-futuro-rei-2149468\" rel=\"nofollow noopener\" target=\"_blank\">William <\/a>participou num programa da Apple TV, enquanto Harry, que j\u00e1 n\u00e3o \u00e9 membro s\u00e9nior da realeza, tem mesmo um <a href=\"https:\/\/www.publico.pt\/2025\/08\/11\/impar\/noticia\/harry-meghan-vao-estender-contrato-netflix-nao-revelam-valor-acordo-2143642\" rel=\"nofollow noopener\" target=\"_blank\">contrato multimilion\u00e1rio<\/a> com a Netflix.<\/p>\n","protected":false},"excerpt":{"rendered":"O rei Carlos III foi considerado \u201cum pouco exc\u00eantrico\u201d por ter manifestado preocupa\u00e7\u00e3o com os problemas ambientais, h\u00e1&hellip;\n","protected":false},"author":2,"featured_media":103322,"comment_status":"","ping_status":"","sticky":false,"template":"","format":"standard","meta":{"footnotes":""},"categories":[140],"tags":[785,3608,114,115,709,147,148,708,714,146,542,712,32,33,713],"class_list":{"0":"post-103321","1":"post","2":"type-post","3":"status-publish","4":"format-standard","5":"has-post-thumbnail","7":"category-filmes","8":"tag-azul","9":"tag-carlos-iii","10":"tag-entertainment","11":"tag-entretenimento","12":"tag-familia-real-britanica","13":"tag-film","14":"tag-filmes","15":"tag-impar","16":"tag-monarquia","17":"tag-movies","18":"tag-para-redes","19":"tag-pessoas","20":"tag-portugal","21":"tag-pt","22":"tag-reino-unido"},"share_on_mastodon":{"url":"","error":""},"_links":{"self":[{"href":"https:\/\/www.europesays.com\/pt\/wp-json\/wp\/v2\/posts\/103321","targetHints":{"allow":["GET"]}}],"collection":[{"href":"https:\/\/www.europesays.com\/pt\/wp-json\/wp\/v2\/posts"}],"about":[{"href":"https:\/\/www.europesays.com\/pt\/wp-json\/wp\/v2\/types\/post"}],"author":[{"embeddable":true,"href":"https:\/\/www.europesays.com\/pt\/wp-json\/wp\/v2\/users\/2"}],"replies":[{"embeddable":true,"href":"https:\/\/www.europesays.com\/pt\/wp-json\/wp\/v2\/comments?post=103321"}],"version-history":[{"count":0,"href":"https:\/\/www.europesays.com\/pt\/wp-json\/wp\/v2\/posts\/103321\/revisions"}],"wp:featuredmedia":[{"embeddable":true,"href":"https:\/\/www.europesays.com\/pt\/wp-json\/wp\/v2\/media\/103322"}],"wp:attachment":[{"href":"https:\/\/www.europesays.com\/pt\/wp-json\/wp\/v2\/media?parent=103321"}],"wp:term":[{"taxonomy":"category","embeddable":true,"href":"https:\/\/www.europesays.com\/pt\/wp-json\/wp\/v2\/categories?post=103321"},{"taxonomy":"post_tag","embeddable":true,"href":"https:\/\/www.europesays.com\/pt\/wp-json\/wp\/v2\/tags?post=103321"}],"curies":[{"name":"wp","href":"https:\/\/api.w.org\/{rel}","templated":true}]}}