{"id":103327,"date":"2025-10-09T11:04:17","date_gmt":"2025-10-09T11:04:17","guid":{"rendered":"https:\/\/www.europesays.com\/pt\/103327\/"},"modified":"2025-10-09T11:04:17","modified_gmt":"2025-10-09T11:04:17","slug":"taag-anuncia-transferencia-integral-de-voos-para-o-aiaan-a-partir-do-dia-19-deste-mes","status":"publish","type":"post","link":"https:\/\/www.europesays.com\/pt\/103327\/","title":{"rendered":"TAAG anuncia transfer\u00eancia integral de voos para o AIAAN a partir do dia 19 deste m\u00eas"},"content":{"rendered":"<p>NJ<\/p>\n<p>8 de Outubro\u00a02025 \u00e0s 19:47<\/p>\n<p>Em comunicado, a TAAG afirma que a esta decis\u00e3o assinala a conclus\u00e3o do processo faseado de transi\u00e7\u00e3o.<\/p>\n<p>&#8220;A consolida\u00e7\u00e3o da opera\u00e7\u00e3o da TAAG no AIAAN aporta ganhos significativos de efici\u00eancia operacional, sinergias na gest\u00e3o de frota e melhoria da experi\u00eancia do cliente, consolidando a estrat\u00e9gia nacional de estabelecer Luanda\/Icolo e Bengo, como um hub de refer\u00eancia na \u00c1frica Austral&#8221;, l\u00ea-se no comunicado.<\/p>\n<p>A companhia refor\u00e7a que a partir de 19 de Outubro todos os voos de partida e chegada com refer\u00eancia aos destinos de Lisboa (Portugal), S\u00e3o Paulo (Brasil), Joanesburgo, Cidade do Cabo (\u00c1frica do Sul), Lagos (Nig\u00e9ria), Windhoek (Nam\u00edbia), S\u00e3o Tom\u00e9 (S\u00e3o Tom\u00e9 e Pr\u00edncipe), Maputo (Mo\u00e7ambique), Nair\u00f3bi (Qu\u00e9nia), rotas sazonais do Porto (Portugal) e Havana (Cuba) passar\u00e3o a ser realizados exclusivamente a partir do Aeroporto Internacional Dr. Ant\u00f3nio Agostinho Neto, tal como j\u00e1 acontece com as rotas dom\u00e9sticas e regionais de Brazzaville e Kinshasa.<\/p>\n<p>A companhia promete, durante o per\u00edodo de transi\u00e7\u00e3o, disponibilizar um servi\u00e7o shuttle entre o Aeroporto Internacional 4 de Fevereiro e o Aeroporto Internacional Dr. Ant\u00f3nio Agostinho Neto, para os passageiros em tr\u00e2nsito, cujo percurso de viagem seja feito em parte, por companhias a\u00e9reas estrangeiras, ainda n\u00e3o baseadas no AIAAN.<\/p>\n<p>Por \u00faltimo, a companhia a\u00e9rea nacional informa que ser\u00e3o partilhadas de forma regular informa\u00e7\u00f5es \u00fateis sobre a transfer\u00eancia total dos voos comerciais de passageiros operados pela TAAG para o AIAAN atrav\u00e9s dos canais oficiais e rede de ag\u00eancias de viagens parceiras.<\/p>\n","protected":false},"excerpt":{"rendered":"NJ 8 de Outubro\u00a02025 \u00e0s 19:47 Em comunicado, a TAAG afirma que a esta decis\u00e3o assinala a conclus\u00e3o&hellip;\n","protected":false},"author":2,"featured_media":103328,"comment_status":"","ping_status":"","sticky":false,"template":"","format":"standard","meta":{"footnotes":""},"categories":[83],"tags":[2992,2713,836,1063,1753,3003,2995,88,470,1195,315,135,3005,476,89,2993,2258,90,1169,2085,524,3002,3000,643,2998,2086,1856,82,2513,1428,2996,2994,2997,606,3001,62,150,619,718,2990,13,2991,2989,835,602,52,32,2999,33,548,679,58,2387,218,605,151,578,3004],"class_list":{"0":"post-103327","1":"post","2":"type-post","3":"status-publish","4":"format-standard","5":"has-post-thumbnail","7":"category-empresas","8":"tag-actualidade","9":"tag-africa","10":"tag-analise","11":"tag-angola","12":"tag-artes","13":"tag-assinatura","14":"tag-benguela","15":"tag-business","16":"tag-cinema","17":"tag-concerto","18":"tag-cultura","19":"tag-desporto","20":"tag-download","21":"tag-economia","22":"tag-economy","23":"tag-editorial","24":"tag-eleicoes","25":"tag-empresas","26":"tag-facebook","27":"tag-fotografia","28":"tag-futebol","29":"tag-galeria","30":"tag-girabola","31":"tag-google","32":"tag-huambo","33":"tag-imagem","34":"tag-informacao","35":"tag-internacional","36":"tag-jornal","37":"tag-jornalismo","38":"tag-lobito","39":"tag-luanda","40":"tag-lubango","41":"tag-meteorologia","42":"tag-multimedia","43":"tag-mundo","44":"tag-musica","45":"tag-nacional","46":"tag-newsletter","47":"tag-nj","48":"tag-noticias","49":"tag-nova-vaga","50":"tag-novo-jornal","51":"tag-opiniao","52":"tag-pais","53":"tag-politica","54":"tag-portugal","55":"tag-provincias","56":"tag-pt","57":"tag-redes-sociais","58":"tag-reportagem","59":"tag-sociedade","60":"tag-teatro","61":"tag-televisao","62":"tag-tempo","63":"tag-tv","64":"tag-video","65":"tag-youtube"},"share_on_mastodon":{"url":"","error":""},"_links":{"self":[{"href":"https:\/\/www.europesays.com\/pt\/wp-json\/wp\/v2\/posts\/103327","targetHints":{"allow":["GET"]}}],"collection":[{"href":"https:\/\/www.europesays.com\/pt\/wp-json\/wp\/v2\/posts"}],"about":[{"href":"https:\/\/www.europesays.com\/pt\/wp-json\/wp\/v2\/types\/post"}],"author":[{"embeddable":true,"href":"https:\/\/www.europesays.com\/pt\/wp-json\/wp\/v2\/users\/2"}],"replies":[{"embeddable":true,"href":"https:\/\/www.europesays.com\/pt\/wp-json\/wp\/v2\/comments?post=103327"}],"version-history":[{"count":0,"href":"https:\/\/www.europesays.com\/pt\/wp-json\/wp\/v2\/posts\/103327\/revisions"}],"wp:featuredmedia":[{"embeddable":true,"href":"https:\/\/www.europesays.com\/pt\/wp-json\/wp\/v2\/media\/103328"}],"wp:attachment":[{"href":"https:\/\/www.europesays.com\/pt\/wp-json\/wp\/v2\/media?parent=103327"}],"wp:term":[{"taxonomy":"category","embeddable":true,"href":"https:\/\/www.europesays.com\/pt\/wp-json\/wp\/v2\/categories?post=103327"},{"taxonomy":"post_tag","embeddable":true,"href":"https:\/\/www.europesays.com\/pt\/wp-json\/wp\/v2\/tags?post=103327"}],"curies":[{"name":"wp","href":"https:\/\/api.w.org\/{rel}","templated":true}]}}