{"id":103329,"date":"2025-10-09T11:05:10","date_gmt":"2025-10-09T11:05:10","guid":{"rendered":"https:\/\/www.europesays.com\/pt\/103329\/"},"modified":"2025-10-09T11:05:10","modified_gmt":"2025-10-09T11:05:10","slug":"lecornu-afasta-dissolucao-e-espera-nova-nomeacao-em-48-horas-observador","status":"publish","type":"post","link":"https:\/\/www.europesays.com\/pt\/103329\/","title":{"rendered":"Lecornu afasta dissolu\u00e7\u00e3o e espera nova nomea\u00e7\u00e3o em 48 horas &#8211; Observador"},"content":{"rendered":"<ol>\n<li><a href=\"https:\/\/news.google.com\/rss\/articles\/CBMi-AFBVV95cUxNZnh0dVIzckNYZXN0UDBjYjQ5N0FPYnJGQTBjcGg2aWZfOGhpR2VNQmdvUlVaNnQ4VS1FaTNnQklJYk5PcnJKWGkzQnZYZ1RINkF0RXQxdWpIbHQtZFNpNjJaaHN3aXNqRlNLVUhsaTI3ZUc0LXJNbzRNc0lLNkduLXRsQTR5QnU0TjdxdlNnZlEybGNxNFdTX3c3Y0ZkRkFsMjcxajg3UG9ILXphNTh6NjJpVHJkeDVJcEQ0b2U5cjhlSnozZVcwZmUxdEc5ZTVsRFdFQkhUdGd5bVlkc0pTWTdHUlZKQnlacWp1ZHF6UTBKY0stazFuXw?oc=5\" target=\"_blank\" rel=\"nofollow noopener\">Lecornu afasta dissolu\u00e7\u00e3o e espera nova nomea\u00e7\u00e3o em 48 horas<\/a>&nbsp;&nbsp;Observador<\/li>\n<li><a href=\"https:\/\/news.google.com\/rss\/articles\/CBMivwFBVV95cUxQLXhtUkF2RDFnLUZ5cjhlWXZTSFpyUXg3RkNFajVVZWxheTFHMVdsbmE2enBsSWhMNk5oV0I0dmNSS20yV0FPVGlvYkpSdXR3d3hQcm9FU09CQUo0S3JoYklMdVVnUEFMZDJ6R1B0VmJNeEQycC1GZ21GT3VzZl81QmlUc2tES3lRR2p0SFI4bmRwdl9FMjFOQmhjZ0ZyTnpHVV81R3pzaUpvN01TN2pwYW5mQmgxRXF2a3lKdFpWQdIBxAFBVV95cUxOZnlaNEF0ZDl0R0k1UnltQzlORTlFMzIwRERYUElIakdoMmE4MHhRampvZU9qSmNJSWhiUlFrVmZJUnhab0dDaGhReFJrNHFoRUF1TUhJNTlQb01ZNVdIWGEzeWlWUUN3VUhmdm9iWllFWDY2dTg3Rk1lUzZJbUk4Y1NtZFFSaWhsanBiWmsxWTJxS0czRVF6MXhuYmRRQ0U3bEtnMmRWMXlSNU5xZWVDb01USWNnaTQzcV9vVXRReDdoamU4?oc=5\" target=\"_blank\" rel=\"nofollow noopener\">Macron anunciar\u00e1 novo primeiro-ministro da Fran\u00e7a at\u00e9 sexta-feira (10)<\/a>&nbsp;&nbsp;Folha de S.Paulo<\/li>\n<li><a href=\"https:\/\/news.google.com\/rss\/articles\/CBMitAFBVV95cUxPUEs4d1dPSkYwOFNUNGFBQjNjWXZlZmk3cXZFQ3MtOE9aUXUycmRCelc0cjVMb1d3TGhBREkyU1BvaWZmQkptb0c1dV9jVThRRFQ5ZE40ZVRyUWh0SmtLd0h0ZXdvWFZHRGZBT18xNnJvUmVDbWNDOTQxeS1ja1lKeFdlcVQ3Yy00T1FZbzRZYlVhS2VJbmYtRFZRYmZ2c1JXRzRYeXExUmJSb0hHckRzNW83QXPSAboBQVVfeXFMUDNxRVBOWjhqcGdEN1IwTlJ1a3Rfcm5seElBZ2s1SnVwQ0J3b3RSQzBhTkttSzEtelMwN0VHQjc5NXRLb1RYZ1VSVXhBTjFocUt4bGJSMUo4SVk3dUZjREZYQTRGVmRaY0xrclpvdDBZbWdabllRN1NCREJJVHZrTHlQR2xUdnZQa2NnRlRaSkJRb05SZmxwZHdOSU1fZ1U3aS1MbzQ3ZzJ0NXNBenNHbXQ2XzVJM0lYY053?oc=5\" target=\"_blank\" rel=\"nofollow noopener\">Investidores se posicionam para uma crise prolongada na Fran\u00e7a, diz consultoria<\/a>&nbsp;&nbsp;InfoMoney<\/li>\n<li><a href=\"https:\/\/news.google.com\/rss\/articles\/CBMiqwFBVV95cUxPNXRUajZGM0twUGtlSHY1dG9NbTY4d09ISWEwZ3hvLThaU0dPMjdvWDdQR3lVbFJkY3ZFelV0NldEWlRzQ2ZSQ0tmTWxiRk5hcGlsamdTeWdsNGVZLXQydGhMY0VuNVlfN2JkaHpBUTg3M2Z1dFpfa0l6T0stT2dKQWdMdE1rLXZjVTN2bS1vOHdIWTNBenVvbWw3Nm1zTXM3Q0lhY1R3MmVQM0E?oc=5\" target=\"_blank\" rel=\"nofollow noopener\">Fran\u00e7a pode ter novo premi\u00ea em at\u00e9 48 horas, diz primeiro-ministro cessante<\/a>&nbsp;&nbsp;VEJA<\/li>\n<li><a href=\"https:\/\/news.google.com\/rss\/articles\/CBMisAFBVV95cUxOR2ljMk90bXBGdDg4d05HZlVNZXR0alVhTC1mWjlZUGhxcktRcWJjam9Pb3U1R1hMOE1uRTBHdW5qYTU4M3JQYTNyWFRRdnQ2YUVRMjBkUS1MYUdUb3d5bnFqZ3AxN3JqcVRrNGs5cEo4U3R6Rm1TU0NlR3BoVzRMZlZzSEhGLVE5bmE1bjVHZXNucFpjampkT0Z5NDMycjR5THZzM21KMzRhX0ctTUQwZ9IBvwFBVV95cUxQWDV6NldXVVhGSHJJODVRUm4tbDdYLWlUUTJOSGJ2M0lteW0tM1NqWUo3clNDZmhIcWdIM2Y5NGlsS3k4RXhsY3JWR3B6Q1JPTXF4M0VwX3V1NnBmbm9tZXVhSXY5eDl6eUpEY3lGWm53M1JGeFAtUjlwU1poMS1QX3FJS3lHSXA0MzZHTDBjNUJXbDhYcThFdzY2aDBxanVXVi1vVVhXMWxpbHF3cUtTNG0tdUI4eTJONk93clhzNA?oc=5\" target=\"_blank\" rel=\"nofollow noopener\">Sob press\u00e3o, Macron abre espa\u00e7o \u00e0 subida da ultradireita<\/a>&nbsp;&nbsp;O Globo<\/li>\n<\/ol>\n","protected":false},"excerpt":{"rendered":"Lecornu afasta dissolu\u00e7\u00e3o e espera nova nomea\u00e7\u00e3o em 48 horas&nbsp;&nbsp;Observador Macron anunciar\u00e1 novo primeiro-ministro da Fran\u00e7a at\u00e9 sexta-feira&hellip;\n","protected":false},"author":2,"featured_media":99287,"comment_status":"","ping_status":"","sticky":false,"template":"","format":"standard","meta":{"footnotes":""},"categories":[50],"tags":[27,28,15,16,14,25,26,21,22,62,12,13,19,20,23,24,17,18,29,30,31,63,64,65],"class_list":{"0":"post-103329","1":"post","2":"type-post","3":"status-publish","4":"format-standard","5":"has-post-thumbnail","7":"category-mundo","8":"tag-breaking-news","9":"tag-breakingnews","10":"tag-featured-news","11":"tag-featurednews","12":"tag-headlines","13":"tag-latest-news","14":"tag-latestnews","15":"tag-main-news","16":"tag-mainnews","17":"tag-mundo","18":"tag-news","19":"tag-noticias","20":"tag-noticias-principais","21":"tag-noticiasprincipais","22":"tag-principais-noticias","23":"tag-principaisnoticias","24":"tag-top-stories","25":"tag-topstories","26":"tag-ultimas","27":"tag-ultimas-noticias","28":"tag-ultimasnoticias","29":"tag-world","30":"tag-world-news","31":"tag-worldnews"},"share_on_mastodon":{"url":"","error":""},"_links":{"self":[{"href":"https:\/\/www.europesays.com\/pt\/wp-json\/wp\/v2\/posts\/103329","targetHints":{"allow":["GET"]}}],"collection":[{"href":"https:\/\/www.europesays.com\/pt\/wp-json\/wp\/v2\/posts"}],"about":[{"href":"https:\/\/www.europesays.com\/pt\/wp-json\/wp\/v2\/types\/post"}],"author":[{"embeddable":true,"href":"https:\/\/www.europesays.com\/pt\/wp-json\/wp\/v2\/users\/2"}],"replies":[{"embeddable":true,"href":"https:\/\/www.europesays.com\/pt\/wp-json\/wp\/v2\/comments?post=103329"}],"version-history":[{"count":0,"href":"https:\/\/www.europesays.com\/pt\/wp-json\/wp\/v2\/posts\/103329\/revisions"}],"wp:featuredmedia":[{"embeddable":true,"href":"https:\/\/www.europesays.com\/pt\/wp-json\/wp\/v2\/media\/99287"}],"wp:attachment":[{"href":"https:\/\/www.europesays.com\/pt\/wp-json\/wp\/v2\/media?parent=103329"}],"wp:term":[{"taxonomy":"category","embeddable":true,"href":"https:\/\/www.europesays.com\/pt\/wp-json\/wp\/v2\/categories?post=103329"},{"taxonomy":"post_tag","embeddable":true,"href":"https:\/\/www.europesays.com\/pt\/wp-json\/wp\/v2\/tags?post=103329"}],"curies":[{"name":"wp","href":"https:\/\/api.w.org\/{rel}","templated":true}]}}