{"id":103330,"date":"2025-10-09T11:06:05","date_gmt":"2025-10-09T11:06:05","guid":{"rendered":"https:\/\/www.europesays.com\/pt\/103330\/"},"modified":"2025-10-09T11:06:05","modified_gmt":"2025-10-09T11:06:05","slug":"sondagem-do-porto-maioria-aplaude-efeitos-da-imigracao","status":"publish","type":"post","link":"https:\/\/www.europesays.com\/pt\/103330\/","title":{"rendered":"Sondagem do Porto: maioria aplaude efeitos da imigra\u00e7\u00e3o"},"content":{"rendered":"<p>Olhando para a forma como os portuenses privilegiam a chamada identidade local, ou seja, como se manifesta a liga\u00e7\u00e3o afetiva e simb\u00f3lica dos cidad\u00e3os \u00e0 cidade, conclui-se que 86% gostam de viver na Invicta, ao passo que apenas 13% &#8220;trairiam&#8221; o Porto por outro concelho. Quase metade dos inquiridos (47%) revela ter uma liga\u00e7\u00e3o forte \u00e0s tradi\u00e7\u00f5es do burgo. E apenas 20% revelam indiferen\u00e7a perante este fator. Ali\u00e1s, na mesma linha, oito em cada dez habitantes diz sentir-se feliz por viver naquele territ\u00f3rio.<\/p>\n<p data-remotead-prev-elm=\"true\" data-remotead-elm-id=\"inread\">O \u00edndice de felicidade dos portuenses atinge os 83%, algo que n\u00e3o podemos dissociar da avalia\u00e7\u00e3o que os inquiridos fazem da evolu\u00e7\u00e3o da cidade nos \u00faltimos anos: 52% dizem que o Porto est\u00e1 melhor, contra apenas 24% que consideram que piorou.<\/p>\n<p>A sondagem da Pitag\u00f3rica, recorde-se, concluiu por um empate t\u00e9cnico entre o candidato do PSD\/CDS\/IL, Pedro Duarte, e o do PS, Manuel Pizarro, estando o primeiro em vantagem sobre o segundo apenas por duas d\u00e9cimas. Valor que se dilui facilmente, dados os 4% de margem de erro.<\/p>\n<p>Ficha T\u00e9cnica<\/p>\n<p data-remotead-prev-elm=\"true\" data-remotead-elm-id=\"centro1\">Sondagem realizada pela Pitag\u00f3rica para a TVI, CNN Portugal, TSF, JN, Nascer do Sol e ECO com o objetivo de avaliar a opini\u00e3o dos eleitores recenseados no concelho do Porto sobre temas relacionados com as elei\u00e7\u00f5es aut\u00e1rquicas 2025. O trabalho de campo decorreu entre os dias 29 de setembro e 4 de outubro de 2025.<\/p>\n<p>A amostra foi recolhida de forma aleat\u00f3ria junto de eleitores recenseados no concelho do Porto e foi devidamente estratificada por g\u00e9nero, idade e freguesia. Foram realizadas 1229 tentativas de contacto, para alcan\u00e7armos 625 entrevistas efetivas, pelo que a taxa de resposta foi de 50,85%. As 625 entrevistas telef\u00f3nicas recolhidas correspondem a uma margem de erro m\u00e1xima de +\/-4,00% para um n\u00edvel de confian\u00e7a de 95,5%.<\/p>\n<p data-remotead-prev-elm=\"true\" data-remotead-elm-id=\"centro2\">A distribui\u00e7\u00e3o de indecisos \u00e9 feita de forma proporcional.<\/p>\n<p>A dire\u00e7\u00e3o t\u00e9cnica do estudo \u00e9 da responsabilidade de Rita Marques da Silva. A ficha t\u00e9cnica completa, bem como todos os resultados, foram depositados junto da ERC-Entidade Reguladora da Comunica\u00e7\u00e3o Social que os disponibilizar\u00e1 para consulta online.<\/p>\n","protected":false},"excerpt":{"rendered":"Olhando para a forma como os portuenses privilegiam a chamada identidade local, ou seja, como se manifesta a&hellip;\n","protected":false},"author":2,"featured_media":103331,"comment_status":"","ping_status":"","sticky":false,"template":"","format":"standard","meta":{"footnotes":""},"categories":[10],"tags":[27,28,20018,17593,15,16,14,1481,25,26,21,22,12,13,19,20,32,23,24,33,4862,17,18,29,30,31],"class_list":{"0":"post-103330","1":"post","2":"type-post","3":"status-publish","4":"format-standard","5":"has-post-thumbnail","7":"category-portugal","8":"tag-breaking-news","9":"tag-breakingnews","10":"tag-concelho-porto","11":"tag-eleicoes-autarquicas","12":"tag-featured-news","13":"tag-featurednews","14":"tag-headlines","15":"tag-imigracao","16":"tag-latest-news","17":"tag-latestnews","18":"tag-main-news","19":"tag-mainnews","20":"tag-news","21":"tag-noticias","22":"tag-noticias-principais","23":"tag-noticiasprincipais","24":"tag-portugal","25":"tag-principais-noticias","26":"tag-principaisnoticias","27":"tag-pt","28":"tag-sondagem","29":"tag-top-stories","30":"tag-topstories","31":"tag-ultimas","32":"tag-ultimas-noticias","33":"tag-ultimasnoticias"},"share_on_mastodon":{"url":"","error":""},"_links":{"self":[{"href":"https:\/\/www.europesays.com\/pt\/wp-json\/wp\/v2\/posts\/103330","targetHints":{"allow":["GET"]}}],"collection":[{"href":"https:\/\/www.europesays.com\/pt\/wp-json\/wp\/v2\/posts"}],"about":[{"href":"https:\/\/www.europesays.com\/pt\/wp-json\/wp\/v2\/types\/post"}],"author":[{"embeddable":true,"href":"https:\/\/www.europesays.com\/pt\/wp-json\/wp\/v2\/users\/2"}],"replies":[{"embeddable":true,"href":"https:\/\/www.europesays.com\/pt\/wp-json\/wp\/v2\/comments?post=103330"}],"version-history":[{"count":0,"href":"https:\/\/www.europesays.com\/pt\/wp-json\/wp\/v2\/posts\/103330\/revisions"}],"wp:featuredmedia":[{"embeddable":true,"href":"https:\/\/www.europesays.com\/pt\/wp-json\/wp\/v2\/media\/103331"}],"wp:attachment":[{"href":"https:\/\/www.europesays.com\/pt\/wp-json\/wp\/v2\/media?parent=103330"}],"wp:term":[{"taxonomy":"category","embeddable":true,"href":"https:\/\/www.europesays.com\/pt\/wp-json\/wp\/v2\/categories?post=103330"},{"taxonomy":"post_tag","embeddable":true,"href":"https:\/\/www.europesays.com\/pt\/wp-json\/wp\/v2\/tags?post=103330"}],"curies":[{"name":"wp","href":"https:\/\/api.w.org\/{rel}","templated":true}]}}