{"id":103332,"date":"2025-10-09T11:07:35","date_gmt":"2025-10-09T11:07:35","guid":{"rendered":"https:\/\/www.europesays.com\/pt\/103332\/"},"modified":"2025-10-09T11:07:35","modified_gmt":"2025-10-09T11:07:35","slug":"tem-volta-veja-pedido-de-desculpas-de-vini-jr-a-virginia-fonseca","status":"publish","type":"post","link":"https:\/\/www.europesays.com\/pt\/103332\/","title":{"rendered":"Tem volta? Veja pedido de desculpas de Vini Jr. a Virginia Fonseca"},"content":{"rendered":"<p>O atacante Vinicius J\u00fanior utilizou as redes sociais para se desculpar com Virginia Fonseca. Vini Jr. publicou, na noite desta quarta-feira (08), um pedido de desculpas \u00e0 influenciadora.<\/p>\n<p>Apesar do come\u00e7o recente, a rela\u00e7\u00e3o entre ambos <a href=\"https:\/\/www.tupi.fm\/esportes\/mas-ja-virginia-termina-com-vini-jr-apos-jogador-ter-conversas-com-modelo-vazadas\/\" target=\"_blank\" rel=\"noreferrer noopener nofollow\">chegou ao fim<\/a> na \u00faltima ter\u00e7a, ap\u00f3s a modelo Day Magalh\u00e3es \u201cvazar\u201d conversas com o jogador. O jornalista Leo Dias revelou o conte\u00fado das mensagens entre ambos.<\/p>\n<p>Ap\u00f3s a exposi\u00e7\u00e3o das conversas de Vini Jr., a influenciadora revelou que ela e o atacante estavam apenas se conhecendo e que, depois dos vazamentos, n\u00e3o h\u00e1 mais nada entre eles.<\/p>\n<p>Confira a mensagem de Vini. Jr<\/p>\n<p>Todos n\u00f3s passamos por momentos que nos fazem refletir e crescer. Recentemente, vivi uma situa\u00e7\u00e3o que me fez olhar pra dentro, reconhecer atitudes que n\u00e3o representaram quem quero ser e o tipo de rela\u00e7\u00e3o que quero construir.<\/p>\n<p>A Virginia \u00e9 uma mulher incr\u00edvel, uma m\u00e3e admir\u00e1vel e algu\u00e9m por quem tenho um carinho e respeito enormes. Desde que nos conhecemos, ela foi tr\u00eas vezes a Madrid pra me ver, deixando a rotina dela, os compromissos e a vida dela s\u00f3 pra estar comigo. Conheci uma m\u00e3e admir\u00e1vel e uma parceira incr\u00edvel.<\/p>\n<p>Mesmo que ainda n\u00e3o f\u00f4ssemos oficialmente um casal, existia uma conex\u00e3o sincera.<\/p>\n<p>N\u00e3o tenho vergonha de assumir que me descuidei, n\u00e3o correspondi da melhor forma e a decepcionei.<\/p>\n<p>Por isso, quero pedir desculpas publicamente, com o cora\u00e7\u00e3o aberto, porque entendi que rela\u00e7\u00e3o de verdade s\u00f3 existe quando h\u00e1 respeito, confian\u00e7a e transpar\u00eancia.<\/p>\n<p>A ideia agora \u00e9 zerar tudo. Sem mentiras, sem brigas, sem m\u00e1scaras. Com muito amor, carinho e respeito.<\/p>\n<p><img loading=\"lazy\" decoding=\"async\" width=\"346\" height=\"686\" src=\"data:image\/svg+xml,%3Csvg%20xmlns=\" http:=\"\" alt=\"\" class=\"wp-image-2176195\" style=\"width:840px;height:auto\" data-lazy- data-lazy- data-lazy-src=\"https:\/\/www.europesays.com\/pt\/wp-content\/uploads\/2025\/10\/image-63.png\"\/>Publica\u00e7\u00e3o de Vini. Jr nas redes sociais \u2013 Foto: Reprodu\u00e7\u00e3o<\/p>\n<p>Presen\u00e7a de Virginia em Madrid aumentou rumores sobre affair<\/p>\n<p>Recentemente, Virginia esteve no Santiago Bernab\u00e9u, em Madrid, para acompanhar Vini. Jr, em partida do Campeonato Espanhol. Na ocasi\u00e3o, o time merengue venceu o Villareal por 3 a 1. O atacante marcou dois dois tr\u00eas gols.<\/p>\n<p><img loading=\"lazy\" decoding=\"async\" width=\"1024\" height=\"768\" src=\"data:image\/svg+xml,%3Csvg%20xmlns=\" http:=\"\" alt=\"Virginia Fonseca fala sobre fim do envolvimento com Vini Jr ap\u00f3s vazamento de mensagens\" class=\"wp-image-2173206\" data-lazy- data-lazy- data-lazy-src=\"https:\/\/www.europesays.com\/pt\/wp-content\/uploads\/2025\/10\/Fato-Verificado_Virginia-com-a-camisa-de-Vini-Jr-1024x768.png\"\/>Virginia com a camisa de Vini Jr \u2013 Foto: Reprodu\u00e7\u00e3o\/Instagram<\/p>\n<p>Confira outras informa\u00e7\u00f5es no <a href=\"https:\/\/tupi.fm\/esportes\" rel=\"nofollow noopener\" target=\"_blank\">site tupi.fm<\/a> e nas redes sociais da <a href=\"https:\/\/x.com\/radiotupi\/\" target=\"_blank\" rel=\"noreferrer noopener nofollow\">R\u00e1dio Tupi<\/a>.<\/p>\n","protected":false},"excerpt":{"rendered":"O atacante Vinicius J\u00fanior utilizou as redes sociais para se desculpar com Virginia Fonseca. Vini Jr. publicou, na&hellip;\n","protected":false},"author":2,"featured_media":103333,"comment_status":"","ping_status":"","sticky":false,"template":"","format":"standard","meta":{"footnotes":""},"categories":[8],"tags":[27,28,25027,15,16,974,14,13710,25,26,21,22,12,13,19,20,3734,32,23,24,33,22613,17,18,29,30,31,1547,23558,973,6498],"class_list":{"0":"post-103332","1":"post","2":"type-post","3":"status-publish","4":"format-standard","5":"has-post-thumbnail","7":"category-principais-noticias","8":"tag-breaking-news","9":"tag-breakingnews","10":"tag-desculpas","11":"tag-featured-news","12":"tag-featurednews","13":"tag-fonseca","14":"tag-headlines","15":"tag-jr","16":"tag-latest-news","17":"tag-latestnews","18":"tag-main-news","19":"tag-mainnews","20":"tag-news","21":"tag-noticias","22":"tag-noticias-principais","23":"tag-noticiasprincipais","24":"tag-pedido","25":"tag-portugal","26":"tag-principais-noticias","27":"tag-principaisnoticias","28":"tag-pt","29":"tag-tem","30":"tag-top-stories","31":"tag-topstories","32":"tag-ultimas","33":"tag-ultimas-noticias","34":"tag-ultimasnoticias","35":"tag-veja","36":"tag-vini","37":"tag-virginia","38":"tag-volta"},"share_on_mastodon":{"url":"","error":""},"_links":{"self":[{"href":"https:\/\/www.europesays.com\/pt\/wp-json\/wp\/v2\/posts\/103332","targetHints":{"allow":["GET"]}}],"collection":[{"href":"https:\/\/www.europesays.com\/pt\/wp-json\/wp\/v2\/posts"}],"about":[{"href":"https:\/\/www.europesays.com\/pt\/wp-json\/wp\/v2\/types\/post"}],"author":[{"embeddable":true,"href":"https:\/\/www.europesays.com\/pt\/wp-json\/wp\/v2\/users\/2"}],"replies":[{"embeddable":true,"href":"https:\/\/www.europesays.com\/pt\/wp-json\/wp\/v2\/comments?post=103332"}],"version-history":[{"count":0,"href":"https:\/\/www.europesays.com\/pt\/wp-json\/wp\/v2\/posts\/103332\/revisions"}],"wp:featuredmedia":[{"embeddable":true,"href":"https:\/\/www.europesays.com\/pt\/wp-json\/wp\/v2\/media\/103333"}],"wp:attachment":[{"href":"https:\/\/www.europesays.com\/pt\/wp-json\/wp\/v2\/media?parent=103332"}],"wp:term":[{"taxonomy":"category","embeddable":true,"href":"https:\/\/www.europesays.com\/pt\/wp-json\/wp\/v2\/categories?post=103332"},{"taxonomy":"post_tag","embeddable":true,"href":"https:\/\/www.europesays.com\/pt\/wp-json\/wp\/v2\/tags?post=103332"}],"curies":[{"name":"wp","href":"https:\/\/api.w.org\/{rel}","templated":true}]}}