{"id":103334,"date":"2025-10-09T11:08:10","date_gmt":"2025-10-09T11:08:10","guid":{"rendered":"https:\/\/www.europesays.com\/pt\/103334\/"},"modified":"2025-10-09T11:08:10","modified_gmt":"2025-10-09T11:08:10","slug":"vini-jr-abre-o-coracao-apos-termino-polemico-com-virginia-me-descuidei","status":"publish","type":"post","link":"https:\/\/www.europesays.com\/pt\/103334\/","title":{"rendered":"Vini Jr abre o cora\u00e7\u00e3o ap\u00f3s t\u00e9rmino pol\u00eamico com Virginia: &#8216;Me descuidei&#8217;"},"content":{"rendered":"<p class=\"w-full text-lg font-krub text-gray-500 leading-30\"><strong class=\"font-bold\">Vini Jr<\/strong> se manifestou pela primeira vez publicamente sobre o <strong class=\"font-bold\"><a href=\"https:\/\/www.lance.com.br\/fora-de-campo\/virginia-abre-o-jogo-sobre-fim-da-relacao-com-vini-jr-que-prove-o-contrario.html\" class=\"font-bold break-normal hover:underline\" style=\"color:var(--green-lance)\" rel=\"nofollow noopener\" target=\"_blank\">t\u00e9rmino com Virginia<\/a><\/strong>. A rela\u00e7\u00e3o do jogador com a influenciadora chegou ao fim na \u00faltima semana, quando o portal &#8220;LeoDias&#8221; vazou prints de supostas conversas do camisa 7 do Real Madrid com a modelo brasileira <strong class=\"font-bold\">Day Magalh\u00e3es<\/strong>.<\/p>\n<p>continua ap\u00f3s a publicidade<\/p>\n<p class=\"w-full text-lg font-krub text-gray-500 leading-30\"><strong class=\"font-bold\"><a href=\"https:\/\/whatsapp.com\/channel\/0029Va7p95rBfxoAiHM8Ob0m?utm_source=cta&amp;utm_medium=whatsappforadecampo&amp;utm_id=whatsapp\" class=\"font-bold break-normal hover:underline\" style=\"color:var(--green-lance)\" target=\"_blank\" rel=\"nofollow noopener\">\u27a1\ufe0f Siga o Lance! Fora de Campo no WhatsApp e saiba o que rola fora das 4 linhas<\/a><\/strong><\/p>\n<p class=\"w-full text-lg font-krub text-gray-500 leading-30\">Nesta quarta-feira (8), Vini Jr abriu o pr\u00f3prio cora\u00e7\u00e3o e confessou que errou com a influenciadora. Atrav\u00e9s de uma publica\u00e7\u00e3o no Instagram, ele pediu desculpas a Virginia e desejou poder recome\u00e7ar a hist\u00f3ria junto com a modelo. Veja abaixo:<\/p>\n<p>Nota de Vini Jr<\/p>\n<p class=\"w-full text-lg font-krub text-gray-500 leading-30\">&#8220;Todos n\u00f3s passamos por momentos que nos fazem refletir e crescer. Recentemente vivi uma situa\u00e7\u00e3o que me fez olhar para dentro, reconhecer atitudes que n\u00e3o representaram quem quero ser e o tipo de rela\u00e7\u00e3o que quero construir.<\/p>\n<p>continua ap\u00f3s a publicidade<\/p>\n<p class=\"w-full text-lg font-krub text-gray-500 leading-30\">A Virginia \u00e9 uma mulher incr\u00edvel, uma m\u00e3e admir\u00e1vel e algu\u00e9m por quem tenho um carinho e respeito enormes. Desde que nos conhecemos, ela foi tr\u00eas vezes a Madrid pra me ver, deixando a rotina dela, os compromissos e a vida dela s\u00f3 para estar comigo. Conheci uma m\u00e3e admir\u00e1vel, uma parceira incr\u00edvel.<\/p>\n<p class=\"w-full text-lg font-krub text-gray-500 leading-30\">Mesmo que ainda n\u00e3o fossemos oficialmente um casal, existia uma conex\u00e3o sincera. N\u00e3o tenho vergonha de assumir que me descuidei, n\u00e3o correspondi da melhor forma e a decepcionei.<\/p>\n<p>continua ap\u00f3s a publicidade<\/p>\n<p class=\"w-full text-lg font-krub text-gray-500 leading-30\">Por isso, quero pedir desculpas publicamente, com o cora\u00e7\u00e3o aberto, porque entendi que rela\u00e7\u00e3o de verdade s\u00f3 existe quando h\u00e1 respeito, confian\u00e7a e transpar\u00eancia. A ideia agora \u00e9 zerar tudo. Sem mentiras sem brigas, sem m\u00e1scaras. Com muito amor, carinho e respeito&#8221;.<\/p>\n<p>Virginia e Vini Jr<\/p>\n<p class=\"w-full text-lg font-krub text-gray-500 leading-30\">Os rumores entre o suposto casal Virginia e Vini Jr cresceram depois da partida do Real Madrid contra o Villarreal. A influenciadora estava no est\u00e1dio, e postou v\u00e1rios storys depois dos gols do brasileiro. No primeiro deles, ela filmou Vini apontando exatamente para onde ela estava no est\u00e1dio. No segundo, ela mandou um recado.<\/p>\n<p class=\"w-full text-lg font-krub text-gray-500 leading-30\">&#8211; Outro gol do Big Seven. Tem que respeitar &#8211; disparou Virgnia ap\u00f3s gol de Vini Jr pelo Real Madrid.<\/p>\n<p class=\"w-full text-lg font-krub text-gray-500 leading-30\">Com todos os boatos girando em torno de Virginia e Vini Jr, do Real Madrid, os f\u00e3s e torcedores enlouqueceram ap\u00f3s as intera\u00e7\u00f5es no Santiago Bernabeu. At\u00e9 a comemora\u00e7\u00e3o do atacante virou assunto nas redes sociais. Contudo, o romance chegou ao fim.<\/p>\n<p><img alt=\"Vini Jr e Virginia viveram romance na Espanha (Foto: Reprodu\u00e7\u00e3o)\" loading=\"lazy\" width=\"850\" height=\"530\" decoding=\"async\" data-nimg=\"1\" class=\"w-full rounded-lg\" style=\"color:transparent\" src=\"https:\/\/www.europesays.com\/pt\/wp-content\/uploads\/2025\/10\/Vini-Jr-e-Virginia.png\"\/>Vini Jr e Virginia viveram romance na Espanha (Foto: Reprodu\u00e7\u00e3o)<\/p>\n","protected":false},"excerpt":{"rendered":"Vini Jr se manifestou pela primeira vez publicamente sobre o t\u00e9rmino com Virginia. A rela\u00e7\u00e3o do jogador com&hellip;\n","protected":false},"author":2,"featured_media":103335,"comment_status":"","ping_status":"","sticky":false,"template":"","format":"standard","meta":{"footnotes":""},"categories":[145],"tags":[211,210,114,115,12579,32,33,3126],"class_list":{"0":"post-103334","1":"post","2":"type-post","3":"status-publish","4":"format-standard","5":"has-post-thumbnail","7":"category-celebridades","8":"tag-celebridades","9":"tag-celebrities","10":"tag-entertainment","11":"tag-entretenimento","12":"tag-fora-de-campo","13":"tag-portugal","14":"tag-pt","15":"tag-vini-jr"},"share_on_mastodon":{"url":"","error":""},"_links":{"self":[{"href":"https:\/\/www.europesays.com\/pt\/wp-json\/wp\/v2\/posts\/103334","targetHints":{"allow":["GET"]}}],"collection":[{"href":"https:\/\/www.europesays.com\/pt\/wp-json\/wp\/v2\/posts"}],"about":[{"href":"https:\/\/www.europesays.com\/pt\/wp-json\/wp\/v2\/types\/post"}],"author":[{"embeddable":true,"href":"https:\/\/www.europesays.com\/pt\/wp-json\/wp\/v2\/users\/2"}],"replies":[{"embeddable":true,"href":"https:\/\/www.europesays.com\/pt\/wp-json\/wp\/v2\/comments?post=103334"}],"version-history":[{"count":0,"href":"https:\/\/www.europesays.com\/pt\/wp-json\/wp\/v2\/posts\/103334\/revisions"}],"wp:featuredmedia":[{"embeddable":true,"href":"https:\/\/www.europesays.com\/pt\/wp-json\/wp\/v2\/media\/103335"}],"wp:attachment":[{"href":"https:\/\/www.europesays.com\/pt\/wp-json\/wp\/v2\/media?parent=103334"}],"wp:term":[{"taxonomy":"category","embeddable":true,"href":"https:\/\/www.europesays.com\/pt\/wp-json\/wp\/v2\/categories?post=103334"},{"taxonomy":"post_tag","embeddable":true,"href":"https:\/\/www.europesays.com\/pt\/wp-json\/wp\/v2\/tags?post=103334"}],"curies":[{"name":"wp","href":"https:\/\/api.w.org\/{rel}","templated":true}]}}