{"id":103338,"date":"2025-10-09T11:12:09","date_gmt":"2025-10-09T11:12:09","guid":{"rendered":"https:\/\/www.europesays.com\/pt\/103338\/"},"modified":"2025-10-09T11:12:09","modified_gmt":"2025-10-09T11:12:09","slug":"alem-de-zayn-e-jisoo-5-duetos-do-mundo-do-k-pop-para-conhecer","status":"publish","type":"post","link":"https:\/\/www.europesays.com\/pt\/103338\/","title":{"rendered":"Al\u00e9m de Zayn e Jisoo: 5 duetos do mundo do k-pop para conhecer"},"content":{"rendered":"<p>O an\u00fancio da colabora\u00e7\u00e3o in\u00e9dita entre\u00a0<strong>Jisoo,\u00a0<\/strong>integrante do BLACKPINK, e\u00a0<strong>Zayn Malik<\/strong>, ex-membro do One Direction, agita as redes sociais desde o domingo (5). Intitulada \u2018Eyes Closed\u2019, o single tem lan\u00e7amento marcado para sexta-feira, dia 10 de outubro, com uma <a href=\"https:\/\/recreio.com.br\/noticias\/entretenimento\/eyes-closed-ouca-trecho-da-musica-de-jisoo-do-blackpink-e-zayn-malik.phtml\" target=\"_blank\" rel=\"noopener nofollow\">pr\u00e9via sendo divulgada<\/a> hoje (08).<\/p>\n<blockquote class=\"twitter-tweet\">\n<p dir=\"ltr\" lang=\"en\">\ud835\udc34 \ud835\udc51\ud835\udc62\ud835\udc52\ud835\udc61 \ud835\udc56\ud835\udc60 \ud835\udc5b\ud835\udc52\ud835\udc4e\ud835\udc5f <a href=\"https:\/\/t.co\/QqERRz5GmT\" rel=\"nofollow\">pic.twitter.com\/QqERRz5GmT<\/a><\/p>\n<p>\u2014 BLISSOO (@officialBLISSOO) <a href=\"https:\/\/twitter.com\/officialBLISSOO\/status\/1974942677314527714?ref_src=twsrc%5Etfw\" rel=\"nofollow noopener\" target=\"_blank\">October 5, 2025<\/a><\/p>\n<\/blockquote>\n<p>Esperado para ser uma das grandes estreias do ano, a parceria se junta a extensa lista de duetos inesquec\u00edveis que j\u00e1 ocorreram nas longas gera\u00e7\u00f5es do <a href=\"https:\/\/recreio.com.br\/tags\/k-pop\" target=\"_blank\" rel=\"noopener nofollow\">k-pop.<\/a> Pensando nisso, decidimos relembrar algumas faixas emblem\u00e1ticas cantadas por artistas de express\u00e3o dentro do g\u00eanero.\u00a0<\/p>\n<p> 1. Palette \u2014 IU e G-Dragon \t\t\t<\/p>\n<p>Um dos mais ic\u00f4nicos da ind\u00fastria do k-pop, \u2018Palette\u2019 faz parte do quarto disco de est\u00fadio da solista\u00a0<strong>IU<\/strong>, lan\u00e7ado em abril de 2017. Sendo uma composi\u00e7\u00e3o e parceira com\u00a0<strong>G-Dragon<\/strong>, l\u00edder do BIGBANG, ela foi o videoclipe coreano mais visto por uma artista feminina solo no YouTube no ano, al\u00e9m de estrear no topo da Gaon Digital Chart, um dos principais rankings de vendas do pa\u00eds.<\/p>\n<p>A faixa, que celebra o autoconhecimento e reconhece os 30 anos como uma das melhores etapas da vida, tamb\u00e9m foi considerada a sexta melhor m\u00fasica de k-pop de 2017 pela Revista Billboard.<\/p>\n<p>  2. Lonely \u2014 Jonghyun e Taeyeon  <\/p>\n<p>Produzida e interpretada por\u00a0<strong>Jonghyun<\/strong>, do SHINee, e\u00a0<strong>Taeyeon,\u00a0<\/strong>do Girls\u2019 Generation, \u2018Lonely\u2019 \u00e9 a m\u00fasica-t\u00edtulo de \u2018Sotry Op. 2\u2019 (2017), segunda colet\u00e2nea de can\u00e7\u00f5es do cantor. Em participa\u00e7\u00e3o no programa \u201cThis is Kim Shin Young, the Song of Hope at Noon\u201d, transmitido na MBC, o artista comentou sobre a participa\u00e7\u00e3o da cantora.<\/p>\n<blockquote>\n<p>\u201cFoi uma m\u00fasica que foi perfeita para ela. Eu queria tomar a aura que ela tem, onde ela \u00e9 uma pessoa brilhante e feliz com um lado sens\u00edvel e solit\u00e1rio tamb\u00e9m, e colocar isso nas letras. Pensei nela enquanto escrevia a letra e a melodia.\u201d<\/p>\n<\/blockquote>\n<p>O single, infelizmente, foi \u00faltimo lan\u00e7ado pelo integrante do <a href=\"https:\/\/pt.wikipedia.org\/wiki\/Shinee\" target=\"_blank\" rel=\"noopener nofollow\">SHINee<\/a> antes de nos deixar.<\/p>\n<p>  3. No Problem \u2014 Nayeon e Felix\u00a0  <\/p>\n<p>Entre as sete faixas do primeiro \u00e1lbum de est\u00fadio solo de <strong>Naeyeon,\u00a0<\/strong>do TWICE, \u2018No Problem\u2019 \u00e9 uma colabora\u00e7\u00e3o com o integrante do Stray Kids, <a href=\"https:\/\/www.instagram.com\/yong.lixx\/\" target=\"_blank\" rel=\"noopener nofollow\"><strong>Felix<\/strong><\/a>, e estreou nas plataformas digitais em 24 de junho de 2022.<\/p>\n<p>Chamando a aten\u00e7\u00e3o dos f\u00e3s principalmente pelo contraste do tom das vozes, os artistas da JYP Entertainment relatam como o amor e apoio m\u00fatuo se torna o motivador para enfrentar obst\u00e1culo na vida, transmitindo conforto e seguran\u00e7a em momentos dif\u00edceis.<\/p>\n<p>  4. Dream \u2014 Suzy e Baekhyun  <\/p>\n<p>Lan\u00e7ada em 2016, \u2018Dream\u2019 \u00e9 uma composi\u00e7\u00e3o de <strong>Park Geun Tae\u00a0<\/strong>e interpretada pela\u00a0<strong>Bae Suzy<\/strong>, atriz e ex-integrante do miss-A, ao lado de <strong>Baekhyun<\/strong>, do EXO. Cantando sobre a beleza de se apaixonar usando os sonhos como met\u00e1fora para o encantamento e alegria do sentimento, os artistas venceram tr\u00eas importantes pr\u00eamios com a can\u00e7\u00e3o: \u2018Melhor M\u00fasica R&amp;B\/Soul\u2019 na 8\u00aa edi\u00e7\u00e3o do MelOn Music Awards, \u2018Melhor Colabora\u00e7\u00e3o\u2019 no 18\u00aa Premia\u00e7\u00e3o Mnet Asian Music e principal estatueta de \u201cM\u00fasica Digital\u201d no 31\u00ba <a href=\"https:\/\/www.goldendisc.co.kr\/en\" target=\"_blank\" rel=\"noopener nofollow\">Golden Disc Awards.<\/a>\u00a0<\/p>\n<p>\t  5. Neva Play \u2014 RM e Megan Thee Stallion  <\/p>\n<p>Marcando o in\u00edcio da era do disco \u2018Megan: Act II\u2019 e se tornando m\u00fasica tema da WWE SmackDown na USA Network de 2024, \u2018<a href=\"https:\/\/open.spotify.com\/intl-pt\/track\/6R1W8ErC7ySlwfajai9eM7\" target=\"_blank\" rel=\"noopener nofollow\">Neva Play<\/a>\u2018, foi lan\u00e7ada em meados de setembro do ano passado. Com participa\u00e7\u00e3o do l\u00edder do BTS,\u00a0<strong>RM,\u00a0<\/strong>o single da rapper\u00a0<strong>Megan Thee Stallion\u00a0<\/strong>foi divulgado enquanto o cantor estava servindo ao ex\u00e9rcito sul-coreano, o recebendo no MV apenas como um personagem de anime.<\/p>\n<p>A faixa venceu o pr\u00eamio \u2018Best of Listeners\u2019 Choice: International Song\u2019 do Music Awards Japan 2025, e se tornou a segunda parceria entre os artistas ap\u00f3s a remix de \u2018Butter\u2019 junto dos outros integrantes do BTS.<\/p>\n<p>\t                                            <script async src=\"https:\/\/platform.twitter.com\/widgets.js\" charset=\"utf-8\"><\/script><script async src=\"\/\/www.instagram.com\/embed.js\"><\/script><\/p>\n","protected":false},"excerpt":{"rendered":"O an\u00fancio da colabora\u00e7\u00e3o in\u00e9dita entre\u00a0Jisoo,\u00a0integrante do BLACKPINK, e\u00a0Zayn Malik, ex-membro do One Direction, agita as redes sociais&hellip;\n","protected":false},"author":2,"featured_media":103339,"comment_status":"","ping_status":"","sticky":false,"template":"","format":"standard","meta":{"footnotes":""},"categories":[141],"tags":[25028,25029,25030,3194,2344,114,115,25031,2039,9439,25032,9663,8004,25033,1688,1943,149,150,22169,32,33,20046,25034,15054,25035,14047,1002],"class_list":{"0":"post-103338","1":"post","2":"type-post","3":"status-publish","4":"format-standard","5":"has-post-thumbnail","7":"category-musica","8":"tag-bae-suzy","9":"tag-baekhyun","10":"tag-bigbang","11":"tag-blackpink","12":"tag-bts","13":"tag-entertainment","14":"tag-entretenimento","15":"tag-exo","16":"tag-felix","17":"tag-g-dragon","18":"tag-girls-generation","19":"tag-iu","20":"tag-jisoo","21":"tag-jonghyun","22":"tag-k-pop","23":"tag-megan-thee-stallion","24":"tag-music","25":"tag-musica","26":"tag-nayeon","27":"tag-portugal","28":"tag-pt","29":"tag-rm","30":"tag-shinee","31":"tag-stray-kids","32":"tag-taeyeon","33":"tag-twice","34":"tag-zayn-malik"},"share_on_mastodon":{"url":"","error":""},"_links":{"self":[{"href":"https:\/\/www.europesays.com\/pt\/wp-json\/wp\/v2\/posts\/103338","targetHints":{"allow":["GET"]}}],"collection":[{"href":"https:\/\/www.europesays.com\/pt\/wp-json\/wp\/v2\/posts"}],"about":[{"href":"https:\/\/www.europesays.com\/pt\/wp-json\/wp\/v2\/types\/post"}],"author":[{"embeddable":true,"href":"https:\/\/www.europesays.com\/pt\/wp-json\/wp\/v2\/users\/2"}],"replies":[{"embeddable":true,"href":"https:\/\/www.europesays.com\/pt\/wp-json\/wp\/v2\/comments?post=103338"}],"version-history":[{"count":0,"href":"https:\/\/www.europesays.com\/pt\/wp-json\/wp\/v2\/posts\/103338\/revisions"}],"wp:featuredmedia":[{"embeddable":true,"href":"https:\/\/www.europesays.com\/pt\/wp-json\/wp\/v2\/media\/103339"}],"wp:attachment":[{"href":"https:\/\/www.europesays.com\/pt\/wp-json\/wp\/v2\/media?parent=103338"}],"wp:term":[{"taxonomy":"category","embeddable":true,"href":"https:\/\/www.europesays.com\/pt\/wp-json\/wp\/v2\/categories?post=103338"},{"taxonomy":"post_tag","embeddable":true,"href":"https:\/\/www.europesays.com\/pt\/wp-json\/wp\/v2\/tags?post=103338"}],"curies":[{"name":"wp","href":"https:\/\/api.w.org\/{rel}","templated":true}]}}