{"id":103356,"date":"2025-10-09T11:26:19","date_gmt":"2025-10-09T11:26:19","guid":{"rendered":"https:\/\/www.europesays.com\/pt\/103356\/"},"modified":"2025-10-09T11:26:19","modified_gmt":"2025-10-09T11:26:19","slug":"demi-lovato-anuncia-novo-single-beijo-por-diversao-e-divertido-beijar","status":"publish","type":"post","link":"https:\/\/www.europesays.com\/pt\/103356\/","title":{"rendered":"Demi Lovato anuncia novo single: &#8220;beijo por divers\u00e3o, \u00e9 divertido beijar&#8221;"},"content":{"rendered":"<p>A cantora<strong> Demi Lovato<\/strong> anunciou o lan\u00e7amento do terceiro single do <a href=\"https:\/\/portalpopline.com.br\/demi-lovato-anuncia-titulo-data-de-lancamento-album-novo-carta-aberta\/\" target=\"_blank\" rel=\"noopener nofollow\">\u00e1lbum<strong> \u201cIt\u2019s Not That Deep\u201d<\/strong><\/a> para sexta (10\/10). A faixa se chama \u201cKiss\u201d e <a href=\"https:\/\/portalpopline.com.br\/ouca-previas-duas-musicas-novas-demi-lovato-kiss-frequency\/\" target=\"_blank\" rel=\"noopener nofollow\">j\u00e1 foi apresentada pela cantora em uma festa h\u00e1 dois meses<\/a>.<\/p>\n<p><img loading=\"lazy\" decoding=\"async\" aria-describedby=\"caption-attachment-999272\" class=\"size-full wp-image-999272\" src=\"https:\/\/www.europesays.com\/pt\/wp-content\/uploads\/2025\/10\/demi-lovato-kiss.jpg\" alt=\"Demi Lovato anuncia novo single: &quot;beijo por divers\u00e3o, \u00e9 divertido beijar&quot;\" width=\"1080\" height=\"1028\"\/><\/p>\n<p id=\"caption-attachment-999272\" class=\"wp-caption-text\">(Foto: Instagram @ddlovato)<\/p>\n<p>A letra traz versos como \u201cI kiss for fun, it\u2019s fun to kiss \/ I use my tongue li-li-li-like this \/ Like this\u201d. Em tradu\u00e7\u00e3o para o portugu\u00eas, fica <strong>\u201cBeijo por divers\u00e3o, \u00e9 divertido beijar \/ Uso minha l\u00edngua assim \/ Assim\u201d.<\/strong><\/p>\n<p>Em outra parte da m\u00fasica, <strong>Demi Lovato<\/strong> pede para se beijada como \u201cuma de suas garotas francesas\u201d e \u201ccomo um de seus garotos maus\u201d. A m\u00fasica mira nas festas e pistas de dan\u00e7a. H\u00e1 um verso que promete inspirar as baladas: \u201cDon\u2019t care that I barely even know ya\u201d. Ou seja,<strong> \u201cn\u00e3o me importo por mal te conhecer\u201d<\/strong>. O neg\u00f3cio \u00e9 beijar.<\/p>\n<p>Ou\u00e7a um trecho da m\u00fasica nova de Demi Lovato!<\/p>\n<blockquote class=\"twitter-tweet\" data-media-max-width=\"560\">\n<p dir=\"ltr\" lang=\"en\">holy shit demi lovato <a href=\"https:\/\/t.co\/Rj2q78nYU1\" rel=\"nofollow\">pic.twitter.com\/Rj2q78nYU1<\/a><\/p>\n<p>\u2014 \u200f\u0618 (@artstartingover) <a href=\"https:\/\/twitter.com\/artstartingover\/status\/1951742543487795561?ref_src=twsrc%5Etfw\" rel=\"nofollow noopener\" target=\"_blank\">August 2, 2025<\/a><\/p>\n<\/blockquote>\n<p>\u201cKiss\u201d sucede \u201cFast\u201d e \u201cHere All Night\u201d, os dois primeiros singles do \u00e1lbum<strong> \u201cIt\u2019s Not That Deep\u201d<\/strong>. Neste disco, <strong>Demi Lovato<\/strong><a href=\"https:\/\/portalpopline.com.br\/demi-lovato-album-novo-apenas-uma-balada\/\" target=\"_blank\" rel=\"noopener nofollow\"> deixa de lado as letras profundas e cat\u00e1rticas<\/a> e aposta em composi\u00e7\u00f5es divertidas, festeiras e sexy. \u00c9 assim que ela se sente neste momento de sua vida.<\/p>\n<blockquote>\n<p>\u201cEu ainda mostro minha voz, mas \u00e9 uma pegada diferente e uma era legal para mim. Estou muito animada\u201d, adianta.<\/p>\n<\/blockquote>\n<p><img loading=\"lazy\" decoding=\"async\" aria-describedby=\"caption-attachment-997511\" class=\"size-full wp-image-997511\" src=\"https:\/\/www.europesays.com\/pt\/wp-content\/uploads\/2025\/09\/demi-lovato-capa-album-novo.jpg\" alt=\"Demi Lovato anuncia t\u00edtulo e data de lan\u00e7amento do \u00e1lbum novo: leia carta aberta\" width=\"1080\" height=\"1069\"  \/><\/p>\n<p id=\"caption-attachment-997511\" class=\"wp-caption-text\">(Foto: Divulga\u00e7\u00e3o)<\/p>\n<p>Ela se considera em um sua melhor fase.\u00a0<strong>Demi<\/strong>\u00a0disse, inclusive, que temia que houvesse um prazo de validade para cantoras pop, mas que ela est\u00e1 com 33 anos e se sente \u201capenas come\u00e7ando\u201d.\u00a0\u201cTem muita m\u00fasica sexy no \u00e1lbum, que eu me identifico totalmente, que estou me sentindo sexy e confiante, eu quero que isso brilhe na minha m\u00fasica, ent\u00e3o tem muito disso\u201d, adianta.<\/p>\n<p>O lan\u00e7amento do \u00e1lbum est\u00e1 marcado para 24 de outubro.<\/p>\n<p><script async src=\"https:\/\/platform.twitter.com\/widgets.js\" charset=\"utf-8\"><\/script><\/p>\n","protected":false},"excerpt":{"rendered":"A cantora Demi Lovato anunciou o lan\u00e7amento do terceiro single do \u00e1lbum \u201cIt\u2019s Not That Deep\u201d para sexta&hellip;\n","protected":false},"author":2,"featured_media":103357,"comment_status":"","ping_status":"","sticky":false,"template":"","format":"standard","meta":{"footnotes":""},"categories":[141],"tags":[1721,8710,661,114,115,19300,11290,149,150,273,274,571,32,33,276,277],"class_list":{"0":"post-103356","1":"post","2":"type-post","3":"status-publish","4":"format-standard","5":"has-post-thumbnail","7":"category-musica","8":"tag-album","9":"tag-album-novo","10":"tag-demi-lovato","11":"tag-entertainment","12":"tag-entretenimento","13":"tag-its-not-that-deep","14":"tag-kiss","15":"tag-music","16":"tag-musica","17":"tag-musica-nova","18":"tag-musica-pop","19":"tag-plantao","20":"tag-portugal","21":"tag-pt","22":"tag-single","23":"tag-single-novo"},"share_on_mastodon":{"url":"","error":""},"_links":{"self":[{"href":"https:\/\/www.europesays.com\/pt\/wp-json\/wp\/v2\/posts\/103356","targetHints":{"allow":["GET"]}}],"collection":[{"href":"https:\/\/www.europesays.com\/pt\/wp-json\/wp\/v2\/posts"}],"about":[{"href":"https:\/\/www.europesays.com\/pt\/wp-json\/wp\/v2\/types\/post"}],"author":[{"embeddable":true,"href":"https:\/\/www.europesays.com\/pt\/wp-json\/wp\/v2\/users\/2"}],"replies":[{"embeddable":true,"href":"https:\/\/www.europesays.com\/pt\/wp-json\/wp\/v2\/comments?post=103356"}],"version-history":[{"count":0,"href":"https:\/\/www.europesays.com\/pt\/wp-json\/wp\/v2\/posts\/103356\/revisions"}],"wp:featuredmedia":[{"embeddable":true,"href":"https:\/\/www.europesays.com\/pt\/wp-json\/wp\/v2\/media\/103357"}],"wp:attachment":[{"href":"https:\/\/www.europesays.com\/pt\/wp-json\/wp\/v2\/media?parent=103356"}],"wp:term":[{"taxonomy":"category","embeddable":true,"href":"https:\/\/www.europesays.com\/pt\/wp-json\/wp\/v2\/categories?post=103356"},{"taxonomy":"post_tag","embeddable":true,"href":"https:\/\/www.europesays.com\/pt\/wp-json\/wp\/v2\/tags?post=103356"}],"curies":[{"name":"wp","href":"https:\/\/api.w.org\/{rel}","templated":true}]}}