{"id":103366,"date":"2025-10-09T11:33:09","date_gmt":"2025-10-09T11:33:09","guid":{"rendered":"https:\/\/www.europesays.com\/pt\/103366\/"},"modified":"2025-10-09T11:33:09","modified_gmt":"2025-10-09T11:33:09","slug":"trump-quer-prisao-de-lideres-democratas-com-tropas-as-portas-de-chicago-diario-de-noticias","status":"publish","type":"post","link":"https:\/\/www.europesays.com\/pt\/103366\/","title":{"rendered":"Trump quer pris\u00e3o de l\u00edderes democratas com tropas \u00e0s portas de Chicago &#8211; Di\u00e1rio de Not\u00edcias"},"content":{"rendered":"<ol>\n<li><a href=\"https:\/\/news.google.com\/rss\/articles\/CBMiogFBVV95cUxQckVHRmxWMFZBYU00RjcwZ0ZDaDd0OFFkVlkxdFJyQVBvY3lDdTQ2djRYdFdPUFdwaDFUeldQcEZUS0I0SjAzLTlZN3NRRmkteXNEaVhUVDJmUVFhMVR1aHZqaVl1bDZndDVfM0pPbENQcW5kYXQ2Vzl4WW4zejU1R2x0aWFmdHdYTDNZQ0Q3NXdiOS1SNnRaRDBRcEVTNmgwcGc?oc=5\" target=\"_blank\" rel=\"nofollow noopener\">Trump quer pris\u00e3o de l\u00edderes democratas com tropas \u00e0s portas de Chicago<\/a>&nbsp;&nbsp;Di\u00e1rio de Not\u00edcias<\/li>\n<li><a href=\"https:\/\/news.google.com\/rss\/articles\/CBMixwFBVV95cUxOd0l5ZnZmcU1ZZGVDNG5jYlZOT3BFMV9MeWVNT0kwRjVwQkRoVm5qMXlCczgtZnBOZ1c5T3JMcnZtNkx1cjZXRW5ZaHB2aV9xcy1TUHJJaHg0dTlUSC1qRWFUU0hqTk9rUEliMlJMdjI2LU5kY0N4Xzg0YmlVTEkwVDcwbEdnMDZjZzNPNW1iaDY1bk84SEtscVd6elBfUTZxbExJT3MtdkI3T3J4WFY0NHZGa1BBNVVVWXhab3R6OUF3ZnRKZ1pj0gHWAUFVX3lxTE5veUdVM2pFY1o4MjY3X3NaWk13czVWbGFzRWFjMkhNZmdPVE9uRlpNS1pXMGxWdjgwSVZHT2h4cGplcl9zSWpWUHBnRlpwRjVBVHB6NDZldzZNRGNCWjNNdXBVd1BRTEVOQVNXRUdpLVpHNF9XVTNhRGlSY0JyMTVQbk1pRVFQckVTS3ltbGtaVERkZlc2elVZdEdPY1BRaWJ4VE05Y2dhVkthT2xhZDR5aHVKdGhPemxMZEF6akNmQ056X3o3ckVDVGhsQlJQdmFBVGFHalE?oc=5\" target=\"_blank\" rel=\"nofollow noopener\">Tropas da Guarda Nacional chegam a Chicago e Trump diz que prefeito e governador &#8216;deveriam ser presos&#8217;<\/a>&nbsp;&nbsp;G1<\/li>\n<li><a href=\"https:\/\/news.google.com\/rss\/articles\/CBMitwFBVV95cUxNNk5hWEsxZmFzemU2Z1RnVU0wa3FfS0lLQmpMSm43TTV4UFp0NEtYcy11VVV4X0U1YjFBaC1XNUs2R2ZMR18zVG4xSzNZSGVBeDBDS3lZa1F2cWppeE16ZU4wTWVYSjhURlFvNVBDSkFWZl92QnJac2tlc2tDeDlybGNMZ2dPSnlPc2lDS1JndzhGXzF0bkIxLU96SkhfN1ZtVklJUmJ4aDlvTjBMUWNyZ3ZVR1Z6RE0?oc=5\" target=\"_blank\" rel=\"nofollow noopener\">Trump amea\u00e7a democratas e enfrenta rejei\u00e7\u00e3o ao avan\u00e7o de Guarda Nacional<\/a>&nbsp;&nbsp;CNN Brasil<\/li>\n<li><a href=\"https:\/\/news.google.com\/rss\/articles\/CBMipwFBVV95cUxNaEFEZGoyLThQQ2RscnYwSkRZUFQxUHNYbEJaV3c4UWItRzB0QXB4Nm94WFRySVc4NDR1WmtuM2J2MEVlUnhHZEJpdF9uNmt3Znc4SEpLLWlsS1VnVjdqeHAzbVBUY2VGQlp4S0tLaU8xUkpyTGd0MUNIUEZ2MjEwRkg0SHIzSmFJbENOcWNEbHAwU0syQXdRSVExay1oajZxbjV5U3kzcw?oc=5\" target=\"_blank\" rel=\"nofollow noopener\">Trump quer usar lei bicenten\u00e1ria para uso de militares mesmo sem aval local<\/a>&nbsp;&nbsp;UOL Not\u00edcias<\/li>\n<li><a href=\"https:\/\/news.google.com\/rss\/articles\/CBMiyAFBVV95cUxOQlV5YTlYcnU0bTYtTGV1N041YzByNDdFWHBmd2RlYW9lOUFHMWxaRTJiMGpzVU50VFFyYmtNZG5uZXU5MU5Nb3NmTUpnUXZ4SlVRTW5CRlJjTUtLZ2diRXRHNkFBMEpWa1QtQzJPWnBhbHozWXpLSzhHV3NfSEtjRFdRanJBcExXVVZ2OU9NZFlCTURnMEdJYlNSakVjWmY2cVZ1Yjk4RUhCVzhhQzdYZ2swN2I2N3hSbVBDNXVfYVo1alJ3aS14bw?oc=5\" target=\"_blank\" rel=\"nofollow noopener\">Trump diz que prefeito de Chicago e governador de Illinois deveriam estar na pris\u00e3o; entenda<\/a>&nbsp;&nbsp;Estad\u00e3o<\/li>\n<\/ol>\n","protected":false},"excerpt":{"rendered":"Trump quer pris\u00e3o de l\u00edderes democratas com tropas \u00e0s portas de Chicago&nbsp;&nbsp;Di\u00e1rio de Not\u00edcias Tropas da Guarda Nacional&hellip;\n","protected":false},"author":2,"featured_media":103367,"comment_status":"","ping_status":"","sticky":false,"template":"","format":"standard","meta":{"footnotes":""},"categories":[50],"tags":[27,28,6376,92,306,235,15,16,14,25,26,21,22,62,12,13,19,20,811,23,24,17,18,29,30,31,63,64,65],"class_list":{"0":"post-103366","1":"post","2":"type-post","3":"status-publish","4":"format-standard","5":"has-post-thumbnail","7":"category-mundo","8":"tag-breaking-news","9":"tag-breakingnews","10":"tag-chicago","11":"tag-donald-trump","12":"tag-edicao-impressa","13":"tag-estados-unidos","14":"tag-featured-news","15":"tag-featurednews","16":"tag-headlines","17":"tag-latest-news","18":"tag-latestnews","19":"tag-main-news","20":"tag-mainnews","21":"tag-mundo","22":"tag-news","23":"tag-noticias","24":"tag-noticias-principais","25":"tag-noticiasprincipais","26":"tag-papa-leao-xiv","27":"tag-principais-noticias","28":"tag-principaisnoticias","29":"tag-top-stories","30":"tag-topstories","31":"tag-ultimas","32":"tag-ultimas-noticias","33":"tag-ultimasnoticias","34":"tag-world","35":"tag-world-news","36":"tag-worldnews"},"share_on_mastodon":{"url":"","error":""},"_links":{"self":[{"href":"https:\/\/www.europesays.com\/pt\/wp-json\/wp\/v2\/posts\/103366","targetHints":{"allow":["GET"]}}],"collection":[{"href":"https:\/\/www.europesays.com\/pt\/wp-json\/wp\/v2\/posts"}],"about":[{"href":"https:\/\/www.europesays.com\/pt\/wp-json\/wp\/v2\/types\/post"}],"author":[{"embeddable":true,"href":"https:\/\/www.europesays.com\/pt\/wp-json\/wp\/v2\/users\/2"}],"replies":[{"embeddable":true,"href":"https:\/\/www.europesays.com\/pt\/wp-json\/wp\/v2\/comments?post=103366"}],"version-history":[{"count":0,"href":"https:\/\/www.europesays.com\/pt\/wp-json\/wp\/v2\/posts\/103366\/revisions"}],"wp:featuredmedia":[{"embeddable":true,"href":"https:\/\/www.europesays.com\/pt\/wp-json\/wp\/v2\/media\/103367"}],"wp:attachment":[{"href":"https:\/\/www.europesays.com\/pt\/wp-json\/wp\/v2\/media?parent=103366"}],"wp:term":[{"taxonomy":"category","embeddable":true,"href":"https:\/\/www.europesays.com\/pt\/wp-json\/wp\/v2\/categories?post=103366"},{"taxonomy":"post_tag","embeddable":true,"href":"https:\/\/www.europesays.com\/pt\/wp-json\/wp\/v2\/tags?post=103366"}],"curies":[{"name":"wp","href":"https:\/\/api.w.org\/{rel}","templated":true}]}}