{"id":103368,"date":"2025-10-09T11:34:13","date_gmt":"2025-10-09T11:34:13","guid":{"rendered":"https:\/\/www.europesays.com\/pt\/103368\/"},"modified":"2025-10-09T11:34:13","modified_gmt":"2025-10-09T11:34:13","slug":"arguido-confessa-que-matou-homem-errado-apos-discussao-no-transito","status":"publish","type":"post","link":"https:\/\/www.europesays.com\/pt\/103368\/","title":{"rendered":"Arguido confessa que matou homem errado ap\u00f3s discuss\u00e3o no tr\u00e2nsito"},"content":{"rendered":"<p>A v\u00edtima foi morta em casa quando defendia a mulher, gr\u00e1vida de quatro meses. Bruna Rom\u00e3o responde por tentativa de homic\u00eddio da mulher de Alisson, agredida com um ferro. J\u00e1 Hugo Monteiro \u00e9 julgado por ter apontado a casa onde estaria o alvo que Florival procurava, mas que, afinal, era a casa onde dormia o casal inocente.<\/p>\n<p data-remotead-prev-elm=\"true\" data-remotead-elm-id=\"inread\">Ontem, s\u00f3 Florival quis falar aos ju\u00edzes. &#8220;O Alisson deu-me uma forte pancada na cabe\u00e7a e depois tentou tirar-me a arma, que disparou. Ele apertava-me o pesco\u00e7o e tentei que me largasse&#8221;, defendeu-se Florival, refutando a acusa\u00e7\u00e3o de que disparou a matar quando Alisson estava no ch\u00e3o e ele de p\u00e9.<\/p>\n<p>O MP considera que o motivo pelo qual os arguidos procuraram vingan\u00e7a, &#8220;a respeito de uma alterca\u00e7\u00e3o rodovi\u00e1ria, era irris\u00f3rio e insignificante&#8221;. &#8220;Cometeram o crime mesmo ap\u00f3s se terem apercebido de que Allisson Rodrigues n\u00e3o era a pessoa com quem tinham tido uma discuss\u00e3o&#8221;, sustenta a acusa\u00e7\u00e3o.<\/p>\n<p data-remotead-prev-elm=\"true\" data-remotead-elm-id=\"centro1\">Florival Murteiro quis mostrar arrependimento, dizendo que se entregou por remorsos, depois de um ano em fuga \u00e0s autoridades. Tamb\u00e9m disse que tentou, junto de Mayla, acordar uma presta\u00e7\u00e3o de 350 euros mensais para a filha da v\u00edtima, hoje com dois anos, at\u00e9 aos 18, o que a mulher n\u00e3o aceitou.<\/p>\n<p>Em julgamento, Mayla Pertel chorou v\u00e1rias vezes, lamentando ter perdido o companheiro e ter de refazer a vida sozinha com uma filha beb\u00e9. &#8220;Durante muito tempo s\u00f3 pensava em justi\u00e7a, mas tive que me esfor\u00e7ar para refazer a minha vida e da minha filha&#8221;, afirmou.<\/p>\n","protected":false},"excerpt":{"rendered":"A v\u00edtima foi morta em casa quando defendia a mulher, gr\u00e1vida de quatro meses. Bruna Rom\u00e3o responde por&hellip;\n","protected":false},"author":2,"featured_media":103369,"comment_status":"","ping_status":"","sticky":false,"template":"","format":"standard","meta":{"footnotes":""},"categories":[10],"tags":[27,28,15,16,14,5564,603,25,26,21,22,12,13,19,20,32,23,24,33,17,18,29,30,31],"class_list":{"0":"post-103368","1":"post","2":"type-post","3":"status-publish","4":"format-standard","5":"has-post-thumbnail","7":"category-portugal","8":"tag-breaking-news","9":"tag-breakingnews","10":"tag-featured-news","11":"tag-featurednews","12":"tag-headlines","13":"tag-homicidio","14":"tag-justica","15":"tag-latest-news","16":"tag-latestnews","17":"tag-main-news","18":"tag-mainnews","19":"tag-news","20":"tag-noticias","21":"tag-noticias-principais","22":"tag-noticiasprincipais","23":"tag-portugal","24":"tag-principais-noticias","25":"tag-principaisnoticias","26":"tag-pt","27":"tag-top-stories","28":"tag-topstories","29":"tag-ultimas","30":"tag-ultimas-noticias","31":"tag-ultimasnoticias"},"share_on_mastodon":{"url":"","error":""},"_links":{"self":[{"href":"https:\/\/www.europesays.com\/pt\/wp-json\/wp\/v2\/posts\/103368","targetHints":{"allow":["GET"]}}],"collection":[{"href":"https:\/\/www.europesays.com\/pt\/wp-json\/wp\/v2\/posts"}],"about":[{"href":"https:\/\/www.europesays.com\/pt\/wp-json\/wp\/v2\/types\/post"}],"author":[{"embeddable":true,"href":"https:\/\/www.europesays.com\/pt\/wp-json\/wp\/v2\/users\/2"}],"replies":[{"embeddable":true,"href":"https:\/\/www.europesays.com\/pt\/wp-json\/wp\/v2\/comments?post=103368"}],"version-history":[{"count":0,"href":"https:\/\/www.europesays.com\/pt\/wp-json\/wp\/v2\/posts\/103368\/revisions"}],"wp:featuredmedia":[{"embeddable":true,"href":"https:\/\/www.europesays.com\/pt\/wp-json\/wp\/v2\/media\/103369"}],"wp:attachment":[{"href":"https:\/\/www.europesays.com\/pt\/wp-json\/wp\/v2\/media?parent=103368"}],"wp:term":[{"taxonomy":"category","embeddable":true,"href":"https:\/\/www.europesays.com\/pt\/wp-json\/wp\/v2\/categories?post=103368"},{"taxonomy":"post_tag","embeddable":true,"href":"https:\/\/www.europesays.com\/pt\/wp-json\/wp\/v2\/tags?post=103368"}],"curies":[{"name":"wp","href":"https:\/\/api.w.org\/{rel}","templated":true}]}}