{"id":103381,"date":"2025-10-09T11:48:18","date_gmt":"2025-10-09T11:48:18","guid":{"rendered":"https:\/\/www.europesays.com\/pt\/103381\/"},"modified":"2025-10-09T11:48:18","modified_gmt":"2025-10-09T11:48:18","slug":"diretora-clinica-da-uls-amadora-sintra-deixa-o-cargo-2","status":"publish","type":"post","link":"https:\/\/www.europesays.com\/pt\/103381\/","title":{"rendered":"Diretora cl\u00ednica da ULS Amadora-Sintra deixa o cargo"},"content":{"rendered":"<p>A diretora cl\u00ednica da Unidade Local de Sa\u00fade (ULS) Amadora-Sintra para a \u00e1rea hospitalar, Diana Sousa Mendes, apresentou um pedido de cessa\u00e7\u00e3o de fun\u00e7\u00f5es, alegando &#8220;motivos de natureza pessoal&#8221;, confirmou hoje a administra\u00e7\u00e3o.<\/p>\n<p>Uma nota enviada pelo conselho de administra\u00e7\u00e3o \u00e0s chefias da unidade de sa\u00fade, a que a ag\u00eancia Lusa teve acesso, refere que, &#8220;por motivos de natureza pessoal, a dra. Diana Sousa Mendes, vogal executiva com fun\u00e7\u00f5es de diretora cl\u00ednica para a \u00e1rea hospitalar da ULS Amadora-Sintra, apresentou o pedido de cessa\u00e7\u00e3o do exerc\u00edcio do cargo que vinha exercendo&#8221;.<\/p>\n<p>A administra\u00e7\u00e3o da ULS vai dar in\u00edcio de imediato ao processo de substitui\u00e7\u00e3o da Dire\u00e7\u00e3o Cl\u00ednica Hospitalar, &#8220;procurando assegurar a maior celeridade poss\u00edvel nesse procedimento&#8221;, avan\u00e7a ainda a nota, que refere que, at\u00e9 \u00e0 conclus\u00e3o do processo, Diana Sousa Mendes vai manter-se em fun\u00e7\u00f5es.<\/p>\n<p>O conselho de administra\u00e7\u00e3o salienta compreender e aceitar as raz\u00f5es apresentadas pela m\u00e9dica e pediu a &#8220;colabora\u00e7\u00e3o e o empenho de todos os profissionais de forma a assegurar a normalidade da atividade hospitalar durante este per\u00edodo de transi\u00e7\u00e3o&#8221;.<\/p>\n<p>Diana Sousa Mendes assumiu o cargo em mar\u00e7o deste ano, quando tomou posse o atual conselho de administra\u00e7\u00e3o presidido por Carlos S\u00e1.<\/p>\n<p>Nos \u00faltimos dias, as urg\u00eancias do Hospital Amadora-Sintra registaram tempos de espera elevados, que chegaram a ultrapassar as 15 horas para doentes urgentes (pulseira amarela), devido a um pico de aflu\u00eancia de utentes.<\/p>\n<p>A ULS integra o Hospital Fernando Fonseca, o novo Hospital de Sintra e as unidades de cuidados de sa\u00fade prim\u00e1rios dos concelhos da Amadora e Sintra, servindo uma popula\u00e7\u00e3o de cerca de 600 mil pessoas.<\/p>\n","protected":false},"excerpt":{"rendered":"A diretora cl\u00ednica da Unidade Local de Sa\u00fade (ULS) Amadora-Sintra para a \u00e1rea hospitalar, Diana Sousa Mendes, apresentou&hellip;\n","protected":false},"author":2,"featured_media":103382,"comment_status":"","ping_status":"","sticky":false,"template":"","format":"standard","meta":{"footnotes":""},"categories":[10],"tags":[27,28,15,16,14,25,26,21,22,12,13,19,20,32,23,24,33,17,18,29,30,31],"class_list":{"0":"post-103381","1":"post","2":"type-post","3":"status-publish","4":"format-standard","5":"has-post-thumbnail","7":"category-portugal","8":"tag-breaking-news","9":"tag-breakingnews","10":"tag-featured-news","11":"tag-featurednews","12":"tag-headlines","13":"tag-latest-news","14":"tag-latestnews","15":"tag-main-news","16":"tag-mainnews","17":"tag-news","18":"tag-noticias","19":"tag-noticias-principais","20":"tag-noticiasprincipais","21":"tag-portugal","22":"tag-principais-noticias","23":"tag-principaisnoticias","24":"tag-pt","25":"tag-top-stories","26":"tag-topstories","27":"tag-ultimas","28":"tag-ultimas-noticias","29":"tag-ultimasnoticias"},"share_on_mastodon":{"url":"","error":""},"_links":{"self":[{"href":"https:\/\/www.europesays.com\/pt\/wp-json\/wp\/v2\/posts\/103381","targetHints":{"allow":["GET"]}}],"collection":[{"href":"https:\/\/www.europesays.com\/pt\/wp-json\/wp\/v2\/posts"}],"about":[{"href":"https:\/\/www.europesays.com\/pt\/wp-json\/wp\/v2\/types\/post"}],"author":[{"embeddable":true,"href":"https:\/\/www.europesays.com\/pt\/wp-json\/wp\/v2\/users\/2"}],"replies":[{"embeddable":true,"href":"https:\/\/www.europesays.com\/pt\/wp-json\/wp\/v2\/comments?post=103381"}],"version-history":[{"count":0,"href":"https:\/\/www.europesays.com\/pt\/wp-json\/wp\/v2\/posts\/103381\/revisions"}],"wp:featuredmedia":[{"embeddable":true,"href":"https:\/\/www.europesays.com\/pt\/wp-json\/wp\/v2\/media\/103382"}],"wp:attachment":[{"href":"https:\/\/www.europesays.com\/pt\/wp-json\/wp\/v2\/media?parent=103381"}],"wp:term":[{"taxonomy":"category","embeddable":true,"href":"https:\/\/www.europesays.com\/pt\/wp-json\/wp\/v2\/categories?post=103381"},{"taxonomy":"post_tag","embeddable":true,"href":"https:\/\/www.europesays.com\/pt\/wp-json\/wp\/v2\/tags?post=103381"}],"curies":[{"name":"wp","href":"https:\/\/api.w.org\/{rel}","templated":true}]}}