{"id":103415,"date":"2025-10-09T12:15:12","date_gmt":"2025-10-09T12:15:12","guid":{"rendered":"https:\/\/www.europesays.com\/pt\/103415\/"},"modified":"2025-10-09T12:15:12","modified_gmt":"2025-10-09T12:15:12","slug":"gripe-das-aves-confirmada-em-benavente-cascais-e-aveiro","status":"publish","type":"post","link":"https:\/\/www.europesays.com\/pt\/103415\/","title":{"rendered":"Gripe das aves confirmada em Benavente, Cascais e Aveiro"},"content":{"rendered":"<p>Em Benavente, distrito de Santar\u00e9m, foi confirmado um foco em aves em cativeiro, nomeadamente, galos, pav\u00f5es, grous, patos-reais e patos pompom, segundo uma nota da DGAV.<\/p>\n<p>J\u00e1 o foco detetado em Cascais, Lisboa, teve origem numa gaivota-de-asa-escura, uma ave selvagem.<\/p>\n<p>Em Aveiro, foi tamb\u00e9m confirmado um foco numa ave selvagem, uma gar\u00e7a-branca-pequena.<\/p>\n<p>Desde o in\u00edcio do ano, Portugal reportou 27 focos de infe\u00e7\u00e3o pela gripe das aves.<\/p>\n<p>A transmiss\u00e3o do v\u00edrus para humanos acontece raramente, tendo sido reportados casos espor\u00e1dicos em todo o mundo. Contudo, quando ocorre, a infe\u00e7\u00e3o pode levar a um quadro cl\u00ednico grave.<\/p>\n<p>A DGAV tem vindo a pedir a todos os detentores de ave que cumpram as medidas de biosseguran\u00e7a e as boas pr\u00e1ticas de produ\u00e7\u00e3o, evitando os contactos entre aves dom\u00e9sticas e selvagens.<\/p>\n<p>Qualquer suspeita de infe\u00e7\u00e3o pela gripe das aves deve ser reportada \u00e0 DGAV.<\/p>\n<p>A DGAV \u00e9 um servi\u00e7o central da administra\u00e7\u00e3o direta do Estado, com autonomia administrativa.<\/p>\n<p>Leia Tamb\u00e9m: <a href=\"https:\/\/www.noticiasaominuto.com\/pais\/2863485\/quase-1900-focos-de-gripe-das-aves-na-europa-portugal-soma-27\" target=\"_blank\" rel=\"noopener noreferrer nofollow\">Quase 1.900 focos de gripe das aves na Europa (Portugal soma 27)<\/a><\/p>\n","protected":false},"excerpt":{"rendered":"Em Benavente, distrito de Santar\u00e9m, foi confirmado um foco em aves em cativeiro, nomeadamente, galos, pav\u00f5es, grous, patos-reais&hellip;\n","protected":false},"author":2,"featured_media":103416,"comment_status":"","ping_status":"","sticky":false,"template":"","format":"standard","meta":{"footnotes":""},"categories":[50],"tags":[27,28,15,16,14,25,26,21,22,62,12,13,19,20,23,24,17,18,29,30,31,63,64,65],"class_list":{"0":"post-103415","1":"post","2":"type-post","3":"status-publish","4":"format-standard","5":"has-post-thumbnail","7":"category-mundo","8":"tag-breaking-news","9":"tag-breakingnews","10":"tag-featured-news","11":"tag-featurednews","12":"tag-headlines","13":"tag-latest-news","14":"tag-latestnews","15":"tag-main-news","16":"tag-mainnews","17":"tag-mundo","18":"tag-news","19":"tag-noticias","20":"tag-noticias-principais","21":"tag-noticiasprincipais","22":"tag-principais-noticias","23":"tag-principaisnoticias","24":"tag-top-stories","25":"tag-topstories","26":"tag-ultimas","27":"tag-ultimas-noticias","28":"tag-ultimasnoticias","29":"tag-world","30":"tag-world-news","31":"tag-worldnews"},"share_on_mastodon":{"url":"","error":""},"_links":{"self":[{"href":"https:\/\/www.europesays.com\/pt\/wp-json\/wp\/v2\/posts\/103415","targetHints":{"allow":["GET"]}}],"collection":[{"href":"https:\/\/www.europesays.com\/pt\/wp-json\/wp\/v2\/posts"}],"about":[{"href":"https:\/\/www.europesays.com\/pt\/wp-json\/wp\/v2\/types\/post"}],"author":[{"embeddable":true,"href":"https:\/\/www.europesays.com\/pt\/wp-json\/wp\/v2\/users\/2"}],"replies":[{"embeddable":true,"href":"https:\/\/www.europesays.com\/pt\/wp-json\/wp\/v2\/comments?post=103415"}],"version-history":[{"count":0,"href":"https:\/\/www.europesays.com\/pt\/wp-json\/wp\/v2\/posts\/103415\/revisions"}],"wp:featuredmedia":[{"embeddable":true,"href":"https:\/\/www.europesays.com\/pt\/wp-json\/wp\/v2\/media\/103416"}],"wp:attachment":[{"href":"https:\/\/www.europesays.com\/pt\/wp-json\/wp\/v2\/media?parent=103415"}],"wp:term":[{"taxonomy":"category","embeddable":true,"href":"https:\/\/www.europesays.com\/pt\/wp-json\/wp\/v2\/categories?post=103415"},{"taxonomy":"post_tag","embeddable":true,"href":"https:\/\/www.europesays.com\/pt\/wp-json\/wp\/v2\/tags?post=103415"}],"curies":[{"name":"wp","href":"https:\/\/api.w.org\/{rel}","templated":true}]}}