{"id":103417,"date":"2025-10-09T12:16:12","date_gmt":"2025-10-09T12:16:12","guid":{"rendered":"https:\/\/www.europesays.com\/pt\/103417\/"},"modified":"2025-10-09T12:16:12","modified_gmt":"2025-10-09T12:16:12","slug":"mais-de-1-250-cidadaos-estrangeiros-impedidos-de-entrar-em-portugal-ate-junho","status":"publish","type":"post","link":"https:\/\/www.europesays.com\/pt\/103417\/","title":{"rendered":"Mais de 1.250 cidad\u00e3os estrangeiros impedidos de entrar em Portugal at\u00e9 junho"},"content":{"rendered":"<p>        Num balan\u00e7o hoje divulgado, a PSP informa que controlou mais de 9,5 milh\u00f5es de passageiros nos aeroportos nacionais no primeiro semestre do ano, intercetou mais de 15.600 e imp\u00f4s medidas cautelares em 6.052 casos.    <\/p>\n<p>Mais de 1.250 cidad\u00e3os estrangeiros viram recusada a entrada em territ\u00f3rio nacional nos primeiros seis meses do ano, segundo a PSP, que deteve nos aeroportos 314 pessoas por fraude documental.<\/p>\n<p class=\"text-paragraph\">Num balan\u00e7o hoje divulgado, a PSP informa que controlou mais de 9,5 milh\u00f5es de passageiros nos aeroportos nacionais no primeiro semestre do ano, intercetou mais de 15.600 e imp\u00f4s medidas cautelares em 6.052 casos.<\/p>\n<p class=\"text-paragraph\">Foram abertos 77 processos de expuls\u00e3o judicial e 23 de afastamento coercivo. A PSP acrescenta que 142 cidad\u00e3os foram apoiados a regressar voluntariamente ao seu pa\u00eds de origem.<\/p>\n<p class=\"text-paragraph\">A nota indica ainda que houve 150 pedidos de prote\u00e7\u00e3o internacional e deteve 314 pessoas por fraude documental e outras 133 por outros motivos.<\/p>\n<p class=\"text-paragraph\">Da atividade operacional desenvolvida pela PSP no \u00e2mbito da seguran\u00e7a aeroportu\u00e1ria e do controlo fronteiri\u00e7o as autoridades destacam ainda a realiza\u00e7\u00e3o de 70 escoltas nacionais e 52 escoltas internacionais.<\/p>\n<p class=\"text-paragraph\">A PSP exerce as suas atribui\u00e7\u00f5es em mat\u00e9ria de controlo de fronteiras em nove postos de fronteira, nos aeroportos de Lisboa, Porto, Faro, Beja, Madeira, Porto Santo e A\u00e7ores (Santa Maria, S\u00e3o Miguel e Terceira\/aerogare das Lajes).<\/p>\n<p class=\"text-paragraph\">Embora n\u00e3o sejam considerados postos de fronteira a\u00e9rea, a PSP tem ainda atribui\u00e7\u00f5es de controlo fronteiri\u00e7o no Aer\u00f3dromo de Tires e no Aeroporto da Horta.<\/p>\n","protected":false},"excerpt":{"rendered":"Num balan\u00e7o hoje divulgado, a PSP informa que controlou mais de 9,5 milh\u00f5es de passageiros nos aeroportos nacionais&hellip;\n","protected":false},"author":2,"featured_media":103418,"comment_status":"","ping_status":"","sticky":false,"template":"","format":"standard","meta":{"footnotes":""},"categories":[10],"tags":[27,28,15,16,14,25,26,21,22,12,13,19,20,32,23,24,1306,33,17,18,29,30,31],"class_list":{"0":"post-103417","1":"post","2":"type-post","3":"status-publish","4":"format-standard","5":"has-post-thumbnail","7":"category-portugal","8":"tag-breaking-news","9":"tag-breakingnews","10":"tag-featured-news","11":"tag-featurednews","12":"tag-headlines","13":"tag-latest-news","14":"tag-latestnews","15":"tag-main-news","16":"tag-mainnews","17":"tag-news","18":"tag-noticias","19":"tag-noticias-principais","20":"tag-noticiasprincipais","21":"tag-portugal","22":"tag-principais-noticias","23":"tag-principaisnoticias","24":"tag-psp","25":"tag-pt","26":"tag-top-stories","27":"tag-topstories","28":"tag-ultimas","29":"tag-ultimas-noticias","30":"tag-ultimasnoticias"},"share_on_mastodon":{"url":"","error":""},"_links":{"self":[{"href":"https:\/\/www.europesays.com\/pt\/wp-json\/wp\/v2\/posts\/103417","targetHints":{"allow":["GET"]}}],"collection":[{"href":"https:\/\/www.europesays.com\/pt\/wp-json\/wp\/v2\/posts"}],"about":[{"href":"https:\/\/www.europesays.com\/pt\/wp-json\/wp\/v2\/types\/post"}],"author":[{"embeddable":true,"href":"https:\/\/www.europesays.com\/pt\/wp-json\/wp\/v2\/users\/2"}],"replies":[{"embeddable":true,"href":"https:\/\/www.europesays.com\/pt\/wp-json\/wp\/v2\/comments?post=103417"}],"version-history":[{"count":0,"href":"https:\/\/www.europesays.com\/pt\/wp-json\/wp\/v2\/posts\/103417\/revisions"}],"wp:featuredmedia":[{"embeddable":true,"href":"https:\/\/www.europesays.com\/pt\/wp-json\/wp\/v2\/media\/103418"}],"wp:attachment":[{"href":"https:\/\/www.europesays.com\/pt\/wp-json\/wp\/v2\/media?parent=103417"}],"wp:term":[{"taxonomy":"category","embeddable":true,"href":"https:\/\/www.europesays.com\/pt\/wp-json\/wp\/v2\/categories?post=103417"},{"taxonomy":"post_tag","embeddable":true,"href":"https:\/\/www.europesays.com\/pt\/wp-json\/wp\/v2\/tags?post=103417"}],"curies":[{"name":"wp","href":"https:\/\/api.w.org\/{rel}","templated":true}]}}