{"id":103425,"date":"2025-10-09T12:29:10","date_gmt":"2025-10-09T12:29:10","guid":{"rendered":"https:\/\/www.europesays.com\/pt\/103425\/"},"modified":"2025-10-09T12:29:10","modified_gmt":"2025-10-09T12:29:10","slug":"como-a-primavera-afeta-quem-tem-alergia-nasal","status":"publish","type":"post","link":"https:\/\/www.europesays.com\/pt\/103425\/","title":{"rendered":"como a primavera afeta quem tem alergia nasal"},"content":{"rendered":"<p>A <strong>primavera<\/strong> \u00e9 tradicionalmente associada ao florescer da natureza, ao aumento das temperaturas e ao clima mais agrad\u00e1vel. No entanto, para milh\u00f5es de pessoas ao redor do mundo, essa esta\u00e7\u00e3o traz consigo um inc\u00f4modo recorrente: as <strong><a href=\"https:\/\/www.folhavitoria.com.br\/saude\/afinal-qual-e-a-diferenca-entre-gripe-alergia-e-resfriado\/\" rel=\"nofollow noopener\" target=\"_blank\">crises al\u00e9rgicas nasais<\/a><\/strong>. <\/p>\n<p>Com o aumento da concentra\u00e7\u00e3o de p\u00f3len no ar, t\u00edpico da primavera, muitos indiv\u00edduos enfrentam crises de espirros, coceira, congest\u00e3o nasal e outros sintomas que comprometem o bem-estar e a <strong><a href=\"https:\/\/www.folhavitoria.com.br\/saude\/fibrose-cistica-como-a-alimentacao-pode-melhorar-a-qualidade-de-vida-do-paciente\/\" rel=\"nofollow noopener\" target=\"_blank\">qualidade de vida<\/a><\/strong>.<\/p>\n<p> O que \u00e9 rinopatia al\u00e9rgica?<\/p>\n<p>A <strong>rinopatia al\u00e9rgica \u00e9 uma das doen\u00e7as respirat\u00f3rias cr\u00f4nicas mais comuns no mundo.<\/strong> Trata-se de uma rea\u00e7\u00e3o exagerada do sistema imunol\u00f3gico a subst\u00e2ncias normalmente inofensivas, como \u00e1caros, poeira, pelos de animais e, especialmente na primavera, gr\u00e3os de p\u00f3len liberados pelas flores, \u00e1rvores e gram\u00edneas. <\/p>\n<p>A <strong><a href=\"https:\/\/www.folhavitoria.com.br\/tag\/oms\/\" target=\"_blank\" rel=\"noreferrer noopener nofollow\">Organiza\u00e7\u00e3o Mundial da Sa\u00fade<\/a><\/strong> estima que entre <strong>10% e 30% da popula\u00e7\u00e3o global sofra com esse problema<\/strong>, sendo que a primavera representa o per\u00edodo mais cr\u00edtico para muitos desses pacientes.<\/p>\n<p>A rinopatia al\u00e9rgica \u00e9 uma inflama\u00e7\u00e3o da mucosa nasal causada por uma rea\u00e7\u00e3o de hiperreatividade. Quando o organismo de uma pessoa sens\u00edvel entra em contato com al\u00e9rgenos (subst\u00e2ncias que provocam alergia), o <strong><a href=\"https:\/\/www.folhavitoria.com.br\/saude\/entenda-como-melhorar-o-sistema-imunologico-atraves-da-atividade-fisica\/\" target=\"_blank\" rel=\"noreferrer noopener nofollow\">sistema imunol\u00f3gico<\/a><\/strong> reage liberando histamina e outros mediadores inflamat\u00f3rios. <\/p>\n<p>Isso resulta nos sintomas cl\u00e1ssicos da crise al\u00e9rgica: espirros frequentes, coriza clara, obstru\u00e7\u00e3o nasal, coceira no nariz, olhos e garganta, al\u00e9m de lacrimejamento e at\u00e9 perda do olfato em casos mais severos.<\/p>\n<p>Tipos de rinopatia al\u00e9rgica<\/p>\n<p>Existem dois tipos principais de rinopatia al\u00e9rgica: <strong>a sazonal e a perene<\/strong>. A forma <strong>sazonal, ocorre principalmente durante a primavera e o in\u00edcio do ver\u00e3o<\/strong>, quando os n\u00edveis de p\u00f3len est\u00e3o elevados. J\u00e1 a <strong>rinopatia perene est\u00e1 relacionada a al\u00e9rgenos presentes o ano todo<\/strong>, como \u00e1caros da poeira, mofo e pelos de animais.<\/p>\n<p>Durante a primavera, plantas, flores, \u00e1rvores e gram\u00edneas entram em seu ciclo de reprodu\u00e7\u00e3o, liberando grandes quantidades de p\u00f3len no ar. Para pessoas com predisposi\u00e7\u00e3o al\u00e9rgica, essa exposi\u00e7\u00e3o representa um verdadeiro gatilho para o in\u00edcio das crises. O p\u00f3len, por ser um al\u00e9rgeno leve e facilmente transportado pelo vento, pode ser inalado com facilidade, provocando a rea\u00e7\u00e3o al\u00e9rgica nas vias respirat\u00f3rias superiores.<\/p>\n<p>Al\u00e9m disso, fatores como o <strong>aumento da umidade e da temperatura favorecem a prolifera\u00e7\u00e3o de \u00e1caros e fungos<\/strong>, agravando ainda mais o quadro de quem j\u00e1 sofre com alergias respirat\u00f3rias. O resultado \u00e9 um aumento significativo na procura por atendimento m\u00e9dico, uso de medicamentos e afastamento de atividades rotineiras.<\/p>\n<p>Sintomas<\/p>\n<p>Os sintomas da rinopatia al\u00e9rgica podem variar em intensidade, mas os mais comuns durante a primavera incluem:<\/p>\n<ul class=\"wp-block-list\">\n<li>Espirros em sequ\u00eancia;<\/li>\n<li>Nariz entupido ou escorrendo;<\/li>\n<li>Coceira no nariz, garganta e olhos;<\/li>\n<li>Lacrimejamento;<\/li>\n<li>Tosse seca;<\/li>\n<li>Dor ou press\u00e3o na face;<\/li>\n<li>Fadiga e irritabilidade<\/li>\n<\/ul>\n<p>Em muitos casos, esses sintomas podem ser confundidos com os de resfriados ou gripes, o que pode atrasar o diagn\u00f3stico e o in\u00edcio do tratamento adequado.<\/p>\n<p>Diagn\u00f3stico e tratamento<\/p>\n<p>O diagn\u00f3stico da rinopatia al\u00e9rgica \u00e9 cl\u00ednico, baseado nos sintomas e no <strong>hist\u00f3rico do paciente<\/strong>. Em alguns casos, testes al\u00e9rgicos espec\u00edficos podem ser indicados para identificar os al\u00e9rgenos respons\u00e1veis pelas crises.<\/p>\n<p>O tratamento da rinopatia al\u00e9rgica envolve uma combina\u00e7\u00e3o de medidas:<\/p>\n<ul class=\"wp-block-list\">\n<li>Evitar o contato com os fatores desencadeantes, sempre que poss\u00edvel.<\/li>\n<li>Uso de medicamentos, como antial\u00e9rgicos, corticoides nasais, descongestionantes, lavagem nasal com soro fisiol\u00f3gico<\/li>\n<li>Imunoterapia, vacinas antial\u00e9rgicas indicadas para casos mais persistentes, para dessensibilizar o organismo ao al\u00e9rgeno.<\/li>\n<\/ul>\n<p>\u00c9 importante lembrar que a <strong><a href=\"https:\/\/www.folhavitoria.com.br\/tag\/automedicacao\/\" target=\"_blank\" rel=\"noreferrer noopener nofollow\">automedica\u00e7\u00e3o<\/a><\/strong> pode mascarar os sintomas e dificultar o controle da rinite. O acompanhamento com um m\u00e9dico otorrinolaringologista ou alergologista \u00e9 fundamental para um tratamento eficaz.<\/p>\n<p>Como reduzir sintomas<\/p>\n<p>Para reduzir o impacto da rinopatia al\u00e9rgica na primavera, algumas medidas simples podem fazer grande diferen\u00e7a:<\/p>\n<ul class=\"wp-block-list\">\n<li>Evitar atividades ao ar livre em hor\u00e1rios de alta concentra\u00e7\u00e3o de p\u00f3len, como no in\u00edcio da manh\u00e3 e ao entardecer;<\/li>\n<li>Manter portas e janelas fechadas, principalmente em dias de vento;<\/li>\n<li>Lavar o rosto e as narinas ao retornar para casa, eliminando res\u00edduos de p\u00f3len;<\/li>\n<li>Evitar secar roupas ao ar livre, pois o p\u00f3len pode aderir aos tecidos.<\/li>\n<li>Utilizar purificadores de ar e filtros HEPA em casa, para reduzir a presen\u00e7a de al\u00e9rgenos;<\/li>\n<li>Manter a casa limpa e arejada, com aten\u00e7\u00e3o especial a tapetes, cortinas e estofados.<\/li>\n<\/ul>\n<p>Embora n\u00e3o seja uma condi\u00e7\u00e3o grave na maioria dos casos, a rinopatia al\u00e9rgica pode ter um impacto consider\u00e1vel na qualidade de vida. A obstru\u00e7\u00e3o nasal constante afeta o sono, a produtividade, o humor e a capacidade de concentra\u00e7\u00e3o. Em <strong><a href=\"https:\/\/www.folhavitoria.com.br\/tag\/criancas\/\" rel=\"nofollow noopener\" target=\"_blank\">crian\u00e7as<\/a><\/strong>, pode prejudicar o desempenho escolar. Al\u00e9m disso, as crises n\u00e3o controladas podem evoluir para complica\u00e7\u00f5es como sinusites, otites e at\u00e9 agravar quadros de asma.<\/p>\n<p><strong>LEIA TAMB\u00c9M | <a href=\"https:\/\/www.folhavitoria.com.br\/saude\/fibrose-cistica-como-a-alimentacao-pode-melhorar-a-qualidade-de-vida-do-paciente\/\" target=\"_blank\" rel=\"noreferrer noopener nofollow\">Fibrose c\u00edstica: alimenta\u00e7\u00e3o pode melhorar qualidade de vida do paciente<\/a><\/strong><\/p>\n<p>Ao entender melhor os gatilhos al\u00e9rgicos e adotar h\u00e1bitos saud\u00e1veis, \u00e9 poss\u00edvel transformar a primavera em uma esta\u00e7\u00e3o mais leve e respir\u00e1vel. Afinal, respirar bem \u00e9 viver melhor.<\/p>\n","protected":false},"excerpt":{"rendered":"A primavera \u00e9 tradicionalmente associada ao florescer da natureza, ao aumento das temperaturas e ao clima mais agrad\u00e1vel.&hellip;\n","protected":false},"author":2,"featured_media":103426,"comment_status":"","ping_status":"","sticky":false,"template":"","format":"standard","meta":{"footnotes":""},"categories":[86],"tags":[7657,116,32,7564,33,117,896,2640],"class_list":{"0":"post-103425","1":"post","2":"type-post","3":"status-publish","4":"format-standard","5":"has-post-thumbnail","7":"category-saude","8":"tag-alergia","9":"tag-health","10":"tag-portugal","11":"tag-primavera","12":"tag-pt","13":"tag-saude","14":"tag-saude-publica","15":"tag-vida-saudavel"},"share_on_mastodon":{"url":"","error":""},"_links":{"self":[{"href":"https:\/\/www.europesays.com\/pt\/wp-json\/wp\/v2\/posts\/103425","targetHints":{"allow":["GET"]}}],"collection":[{"href":"https:\/\/www.europesays.com\/pt\/wp-json\/wp\/v2\/posts"}],"about":[{"href":"https:\/\/www.europesays.com\/pt\/wp-json\/wp\/v2\/types\/post"}],"author":[{"embeddable":true,"href":"https:\/\/www.europesays.com\/pt\/wp-json\/wp\/v2\/users\/2"}],"replies":[{"embeddable":true,"href":"https:\/\/www.europesays.com\/pt\/wp-json\/wp\/v2\/comments?post=103425"}],"version-history":[{"count":0,"href":"https:\/\/www.europesays.com\/pt\/wp-json\/wp\/v2\/posts\/103425\/revisions"}],"wp:featuredmedia":[{"embeddable":true,"href":"https:\/\/www.europesays.com\/pt\/wp-json\/wp\/v2\/media\/103426"}],"wp:attachment":[{"href":"https:\/\/www.europesays.com\/pt\/wp-json\/wp\/v2\/media?parent=103425"}],"wp:term":[{"taxonomy":"category","embeddable":true,"href":"https:\/\/www.europesays.com\/pt\/wp-json\/wp\/v2\/categories?post=103425"},{"taxonomy":"post_tag","embeddable":true,"href":"https:\/\/www.europesays.com\/pt\/wp-json\/wp\/v2\/tags?post=103425"}],"curies":[{"name":"wp","href":"https:\/\/api.w.org\/{rel}","templated":true}]}}