{"id":103427,"date":"2025-10-09T12:31:16","date_gmt":"2025-10-09T12:31:16","guid":{"rendered":"https:\/\/www.europesays.com\/pt\/103427\/"},"modified":"2025-10-09T12:31:16","modified_gmt":"2025-10-09T12:31:16","slug":"apple-inicia-amanha-venda-de-airpods-que-traduz-em-tempo-real-e-relogio-com-nova-funcao-de-saude-veja-precos","status":"publish","type":"post","link":"https:\/\/www.europesays.com\/pt\/103427\/","title":{"rendered":"Apple inicia amanh\u00e3 venda de AirPods que traduz em tempo real e rel\u00f3gio com nova fun\u00e7\u00e3o de sa\u00fade. Veja pre\u00e7os"},"content":{"rendered":"\n<p class=\" content-text__container theme-color-primary-first-letter\" data-track-category=\"Link no Texto\" data-track-links=\"\"> A <a class=\"\" href=\"https:\/\/oglobo.globo.com\/tudo-sobre\/empresa\/apple\" rel=\"nofollow noopener\" target=\"_blank\">Apple<\/a> inicia amanh\u00e3, no Brasil, a venda de sua nova linha de fones, o AirPods Pro 3, e de rel\u00f3gios, o Watch SE 3 (modelo mais b\u00e1sico), o Series 11 e o Ultra 3 (modelo mais premium). Os produtos foram apresentados no m\u00eas passado em evento na Calif\u00f3rnia, quando a companhia tamb\u00e9m anunciou o <a class=\"\" href=\"https:\/\/oglobo.globo.com\/economia\/tecnologia\/noticia\/2025\/09\/09\/preco-do-iphone-17-veja-valores-no-brasil-do-novo-lancamento-da-apple.ghtml\" rel=\"nofollow noopener\" target=\"_blank\">iPhone 17 e o ultrafino iPhone Air<\/a>. <\/p>\n<ul class=\"content-unordered-list\">\n<li><strong>iPhone 17 Pro:<\/strong><a class=\"\" href=\"https:\/\/oglobo.globo.com\/economia\/tecnologia\/noticia\/2025\/10\/07\/iphone-17-pro-veja-as-novidades-e-compare-com-o-iphone-16-pro.ghtml\" rel=\"nofollow noopener\" target=\"_blank\"> entenda as mudan\u00e7as em rela\u00e7\u00e3o ao iPhone 16 Pro<\/a><\/li>\n<li><strong>6G j\u00e1 est\u00e1 a caminho:<\/strong><a class=\"\" href=\"https:\/\/oglobo.globo.com\/economia\/tecnologia\/noticia\/2025\/09\/26\/6g-ja-esta-a-caminho-entenda-como-a-proxima-geracao-de-internet-movel-vai-casar-com-a-ia.ghtml\" rel=\"nofollow noopener\" target=\"_blank\"> entenda como a pr\u00f3xima gera\u00e7\u00e3o de internet m\u00f3vel vai casar com a IA<\/a><\/li>\n<\/ul>\n<p class=\" content-text__container \" data-track-category=\"Link no Texto\" data-track-links=\"\"> Entre as novidades do AirPods Pro 3 est\u00e1 a possibilidade de tradu\u00e7\u00e3o em tempo real, monitoramento da frequ\u00eancia card\u00edaca e melhorias no cancelamento de ru\u00eddo. <\/p>\n<p class=\" content-text__container \" data-track-category=\"Link no Texto\" data-track-links=\"\"> Durante o an\u00fancio, a Apple apresentou pela primeira vez uma cena falada em portugu\u00eas em seus eventos, destacando o servi\u00e7o de tradu\u00e7\u00e3o ao vivo. Na demonstra\u00e7\u00e3o, um brasileiro conversa em portugu\u00eas em um restaurante e ouve a tradu\u00e7\u00e3o em ingl\u00eas. <\/p>\n<p class=\" content-text__container \" data-track-category=\"Link no Texto\" data-track-links=\"\"> Tamb\u00e9m h\u00e1 maior integra\u00e7\u00e3o com o iPhone, permitindo transcrever na tela do smartphone o que \u00e9 dito em outros idiomas por meio dos sons captados pelos AirPods. <\/p>\n<p>      <img decoding=\"async\" class=\"content-media__image\"  src=\"https:\/\/www.europesays.com\/pt\/wp-content\/uploads\/2025\/10\/imagem-do-whatsapp-de-2025-09-09-a-s-14.08.05-3a8b4e64.jpg\" alt=\"Tradu\u00e7\u00e3o ao vivo nos novos AirPods Pro \u2014 Foto: Reprodu\u00e7\u00e3o\/Apple\" width=\"1280\" height=\"707\" loading=\"lazy\"\/>  Tradu\u00e7\u00e3o ao vivo nos novos AirPods Pro \u2014 Foto: Reprodu\u00e7\u00e3o\/Apple       <\/p>\n<p class=\" content-text__container \" data-track-category=\"Link no Texto\" data-track-links=\"\"> Os novos fones t\u00eam tradu\u00e7\u00e3o ao vivo, monitor de frequ\u00eancia card\u00edaca e cancelamento de ru\u00eddo mais eficiente. O pre\u00e7o sugerido \u00e9 de R$ 2.699, e a bateria passou de seis para oito horas de dura\u00e7\u00e3o. <\/p>\n<p class=\" content-text__container \" data-track-category=\"Link no Texto\" data-track-links=\"\"> Entre os rel\u00f3gios, a principal novidade est\u00e1 na \u00e1rea de sa\u00fade. Ap\u00f3s recursos para monitorar o sono e medir o n\u00edvel de oxig\u00eanio no sangue, a Apple anunciou a possibilidade de gerar notifica\u00e7\u00f5es de sinais de hipertens\u00e3o. No entanto, o recurso ainda n\u00e3o estar\u00e1 dispon\u00edvel no Brasil neste primeiro momento, pois depende da<a class=\"\" href=\"https:\/\/oglobo.globo.com\/economia\/tecnologia\/noticia\/2025\/09\/13\/apple-watch-medidor-de-hipertensao-e-aprovado-nos-eua-e-esta-em-analise-pela-anvisa-para-o-brasil.ghtml\" rel=\"nofollow noopener\" target=\"_blank\"> aprova\u00e7\u00e3o da Anvisa<\/a>. <\/p>\n<ul class=\"content-unordered-list\">\n<li><strong>iPhone Air:<\/strong> <a class=\"\" href=\"https:\/\/oglobo.globo.com\/economia\/tecnologia\/noticia\/2025\/09\/12\/iphone-air-como-a-apple-pretende-crescer-no-mercado-intermediario-de-celulares-com-novo-modelo-ultrafino.ghtml\" rel=\"nofollow noopener\" target=\"_blank\">Apple mira em novo segmento do mercado com modelo ultrafino<\/a><\/li>\n<\/ul>\n<p class=\" content-text__container \" data-track-category=\"Link no Texto\" data-track-links=\"\"> O novo servi\u00e7o estar\u00e1 dispon\u00edvel nos modelos Series 11 e Ultra 3 e ser\u00e1 liberado em vers\u00f5es anteriores, a partir do Apple Watch Series 9 e do Apple Watch Ultra 2. <\/p>\n<p class=\" content-text__container \" data-track-category=\"Link no Texto\" data-track-links=\"\"> Para analisar a press\u00e3o sangu\u00ednea, um sensor card\u00edaco \u00f3ptico presente no Apple Watch capta os dados e avalia como os vasos sangu\u00edneos do usu\u00e1rio respondem aos batimentos card\u00edacos durante um per\u00edodo de 30 dias. <\/p>\n<p>      <img decoding=\"async\" class=\"content-media__image\"  src=\"https:\/\/www.europesays.com\/pt\/wp-content\/uploads\/2025\/10\/img-0780.jpeg\" alt=\"Apple Watch: medidor de hipertens\u00e3o \u00e9 aprovado nos EUA e est\u00e1 em an\u00e1lise pela Anvisa para o Brasil \u2014 Foto: Bruno Rosa\" width=\"1206\" height=\"1640\" loading=\"lazy\"\/>  Apple Watch: medidor de hipertens\u00e3o \u00e9 aprovado nos EUA e est\u00e1 em an\u00e1lise pela Anvisa para o Brasil \u2014 Foto: Bruno Rosa       <\/p>\n<p class=\" content-text__container \" data-track-category=\"Link no Texto\" data-track-links=\"\"> Ap\u00f3s esse per\u00edodo, o usu\u00e1rio ser\u00e1 notificado se algum sinal de hipertens\u00e3o cr\u00f4nica ou press\u00e3o alta for detectado. A hipertens\u00e3o \u00e9 o principal fator de risco para ataque card\u00edaco, AVC e doen\u00e7a renal, afetando aproximadamente 1,3 bilh\u00e3o de adultos em todo o mundo, segundo a Apple. <\/p>\n<p class=\" content-text__container \" data-track-category=\"Link no Texto\" data-track-links=\"\"> De acordo com a empresa, o recurso foi desenvolvido com aprendizado de m\u00e1quina avan\u00e7ado e dados de estudos com mais de 100 mil participantes. Em seguida, o desempenho foi validado em um estudo cl\u00ednico com mais de 2 mil participantes. <\/p>\n<ul class=\"content-unordered-list\">\n<li><strong>Entenda: <\/strong><a class=\"\" href=\"https:\/\/oglobo.globo.com\/economia\/tecnologia\/noticia\/2025\/10\/07\/veja-18-coisas-que-seu-iphone-pode-fazer-mas-voce-nao-sabia.ghtml\" rel=\"nofollow noopener\" target=\"_blank\">Veja 18 coisas que seu iPhone pode fazer, mas voc\u00ea n\u00e3o sabia<\/a><\/li>\n<\/ul>\n<p class=\" content-text__container \" data-track-category=\"Link no Texto\" data-track-links=\"\"> O Ultra 3 tem a maior tela entre os smartwatches da Apple, GPS de alta precis\u00e3o, ideal para trilhas e esportes, e bateria com at\u00e9 72 horas de dura\u00e7\u00e3o no modo de baixo consumo. J\u00e1 o Series 11 ganhou revestimento em cer\u00e2mica para aumentar a durabilidade em rela\u00e7\u00e3o \u00e0 gera\u00e7\u00e3o anterior, sistema de carregamento r\u00e1pido e maior autonomia de bateria. <\/p>\n<p class=\" content-text__container \" data-track-category=\"Link no Texto\" data-track-links=\"\"> O Watch SE 3 recebeu fun\u00e7\u00f5es antes restritas a modelos premium, como tela sempre ativa, novo chip S10 (que permite comando por gestos e carregamento r\u00e1pido) e recursos de sa\u00fade, como monitoramento de temperatura, notifica\u00e7\u00f5es de apneia do sono e detec\u00e7\u00e3o de queda. Todos os modelos agora contam com conex\u00e3o 5G. <\/p>\n<p>       <img decoding=\"async\" class=\"content-media__image\"  src=\"https:\/\/www.europesays.com\/pt\/wp-content\/uploads\/2025\/10\/apple-watch-ultra-3-bands-250909.jpg\" alt=\"Apple inicia na sexta-feira, dia 10 de outubro, a venda dos novos modelos de seus rel\u00f3gios como o Ultra 3 \u2014 Foto: Divulga\u00e7\u00e3o\" width=\"3840\" height=\"2160\" loading=\"lazy\"\/>  Apple inicia na sexta-feira, dia 10 de outubro, a venda dos novos modelos de seus rel\u00f3gios como o Ultra 3 \u2014 Foto: Divulga\u00e7\u00e3o        <\/p>\n<p class=\" content-text__container \" data-track-category=\"Link no Texto\" data-track-links=\"\"> <strong>Apple Watch SE 3 (preto e branco)<\/strong> <\/p>\n<ul class=\"content-unordered-list\">\n<li>40 mm \u2013 a partir de R$ 3.299<\/li>\n<li>44 mm \u2013 a partir de R$ 3.699<\/li>\n<\/ul>\n<p class=\" content-text__container \" data-track-category=\"Link no Texto\" data-track-links=\"\"> <strong>Apple Watch Series 11 (cinza, prata, rosa e preto; 42 mm e 46 mm)<\/strong> <\/p>\n<ul class=\"content-unordered-list\">\n<li>Alum\u00ednio \u2013 a partir de R$ 5.499<\/li>\n<li>Tit\u00e2nio \u2013 a partir de R$ 9.299<\/li>\n<\/ul>\n<p class=\" content-text__container \" data-track-category=\"Link no Texto\" data-track-links=\"\"> <strong>Apple Ultra 3 (preto e cinza)<\/strong> <\/p>\n<p class=\" content-text__container \" data-track-category=\"Link no Texto\" data-track-links=\"\"> Os pre\u00e7os variam de acordo com a conectividade (linha de celular ou somente GPS), tipo de pulseira e tamanho do visor (no caso do Series 11). <\/p>\n","protected":false},"excerpt":{"rendered":"A Apple inicia amanh\u00e3, no Brasil, a venda de sua nova linha de fones, o AirPods Pro 3,&hellip;\n","protected":false},"author":2,"featured_media":103428,"comment_status":"","ping_status":"","sticky":false,"template":"","format":"standard","meta":{"footnotes":""},"categories":[84],"tags":[247,109,107,108,319,32,33,105,103,104,106,110],"class_list":{"0":"post-103427","1":"post","2":"type-post","3":"status-publish","4":"format-standard","5":"has-post-thumbnail","7":"category-ciencia-e-tecnologia","8":"tag-apple","9":"tag-ciencia","10":"tag-ciencia-e-tecnologia","11":"tag-cienciaetecnologia","12":"tag-hard-news","13":"tag-portugal","14":"tag-pt","15":"tag-science","16":"tag-science-and-technology","17":"tag-scienceandtechnology","18":"tag-technology","19":"tag-tecnologia"},"share_on_mastodon":{"url":"","error":""},"_links":{"self":[{"href":"https:\/\/www.europesays.com\/pt\/wp-json\/wp\/v2\/posts\/103427","targetHints":{"allow":["GET"]}}],"collection":[{"href":"https:\/\/www.europesays.com\/pt\/wp-json\/wp\/v2\/posts"}],"about":[{"href":"https:\/\/www.europesays.com\/pt\/wp-json\/wp\/v2\/types\/post"}],"author":[{"embeddable":true,"href":"https:\/\/www.europesays.com\/pt\/wp-json\/wp\/v2\/users\/2"}],"replies":[{"embeddable":true,"href":"https:\/\/www.europesays.com\/pt\/wp-json\/wp\/v2\/comments?post=103427"}],"version-history":[{"count":0,"href":"https:\/\/www.europesays.com\/pt\/wp-json\/wp\/v2\/posts\/103427\/revisions"}],"wp:featuredmedia":[{"embeddable":true,"href":"https:\/\/www.europesays.com\/pt\/wp-json\/wp\/v2\/media\/103428"}],"wp:attachment":[{"href":"https:\/\/www.europesays.com\/pt\/wp-json\/wp\/v2\/media?parent=103427"}],"wp:term":[{"taxonomy":"category","embeddable":true,"href":"https:\/\/www.europesays.com\/pt\/wp-json\/wp\/v2\/categories?post=103427"},{"taxonomy":"post_tag","embeddable":true,"href":"https:\/\/www.europesays.com\/pt\/wp-json\/wp\/v2\/tags?post=103427"}],"curies":[{"name":"wp","href":"https:\/\/api.w.org\/{rel}","templated":true}]}}