{"id":103453,"date":"2025-10-09T12:53:07","date_gmt":"2025-10-09T12:53:07","guid":{"rendered":"https:\/\/www.europesays.com\/pt\/103453\/"},"modified":"2025-10-09T12:53:07","modified_gmt":"2025-10-09T12:53:07","slug":"vem-ai-em-a-fazenda-onde-esta-eva-lukenia-torna-se-a-principal-suspeita-novelas","status":"publish","type":"post","link":"https:\/\/www.europesays.com\/pt\/103453\/","title":{"rendered":"Vem a\u00ed em \u00abA Fazenda\u00bb: Onde est\u00e1 Eva? Lukenia torna-se a principal suspeita &#8211; Novelas"},"content":{"rendered":"<p>Em \u00abA Fazenda\u00bb, <a href=\"http:\/\/miguel%20(diogo%20infante)\/\" target=\"_blank\" wbo-id=\"52\" rel=\"nofollow\"><strong data-end=\"189\" data-start=\"163\">Miguel (Diogo Infante)<\/strong><\/a>\u00a0e <a href=\"https:\/\/tvi.iol.pt\/novelas\/videos\/leonor-esta-fora-de-si-e-exige-a-alba-diz-me-onde-e-que-esta-a-eva-ou-eu-chamo-a-policia\/67d45e150cf216cd3ad3375c\" wbo-id=\"51\" rel=\"nofollow noopener\" target=\"_blank\">Leonor (Dalila Carmo)<\/a>\u00a0acabam por concordar n\u00e3o fazer muito sentido que <a href=\"https:\/\/tvi.iol.pt\/novelas\/videos\/foi-assim-que-lukenia-soube-que-samuel-e-filho-de-gaspar\/6772bbdc0cf28c51602e4db1\" rel=\"nofollow noopener\" target=\"_blank\">Lukenia (Rita Cruz)<\/a>\u00a0ande a perseguir <a href=\"https:\/\/tvi.iol.pt\/novelas\/videos\/eva-e-joel-beijam-se-apaixonadamente\/6776a2000cf23e044af75c9b\" rel=\"nofollow noopener\" target=\"_blank\">Eva (Margarida Corceiro)<\/a>\u00a0em Lisboa quando conseguiu o que queria, que era que ela se fosse embora e se afastasse de <a href=\"https:\/\/tvi.iol.pt\/novelas\/ator\/eva-borges-lacerda\/67348807d34e94b829075ef1\" target=\"_blank\" rel=\"nofollow noopener\"><strong data-end=\"548\" data-start=\"540\">Talu (Evandro Gomes)<\/strong><\/a>. Leonor avisa Miguel para n\u00e3o pensar que v\u00e3o ficar juntos, mesmo que ela n\u00e3o volte para <a href=\"https:\/\/tvi.iol.pt\/novelas\/videos\/para-ele-retirar-a-queixa-tu-prometeste-que-te-afastavas-de-mim\/67924a3a0cf216cd3ad316a6\" wbo-id=\"52\" rel=\"nofollow noopener\" target=\"_blank\">Gaspar (Nuno Lopes<\/a>). <a href=\"https:\/\/tvi.iol.pt\/novelas\/videos\/relacao-de-miro-e-leti-esta-por-um-fio\/675ae26f0cf28c51602e4612\" rel=\"nofollow noopener\" target=\"_blank\">Miro (Pedro Hossi)<\/a>\u00a0chega a perguntar-lhes o que se passa com Alex.<\/p>\n<p>Miguel e Leonor explicam a Miro que Alex teve de desaparecer por ter denunciado um antigo colega de cela, que agora anda atr\u00e1s dele. Miro questiona como fica assim <a href=\"https:\/\/tvi.iol.pt\/novelas\/search?pagina=1&amp;pesquisa=kelly+bailey\" rel=\"nofollow noopener\" target=\"_blank\">J\u00falia (Kelly Bailey)<\/a>.<\/p>\n<p>J\u00falia diz a Leonor tamb\u00e9m n\u00e3o acreditar que Eva ande desaparecida sob amea\u00e7a de Lukenia. J\u00falia conta \u00e0 m\u00e3e que veio um homem l\u00e1 a casa \u00e0 procura de Alex, mas pensa ter sido convincente a dizer-lhe n\u00e3o saber nada dele. Leonor n\u00e3o fica nada descansada.<\/p>\n<p>Recorde-se que Lukenia tem feito de tudo para destruir Eva:<\/p>\n","protected":false},"excerpt":{"rendered":"Em \u00abA Fazenda\u00bb, Miguel (Diogo Infante)\u00a0e Leonor (Dalila Carmo)\u00a0acabam por concordar n\u00e3o fazer muito sentido que Lukenia (Rita&hellip;\n","protected":false},"author":2,"featured_media":103454,"comment_status":"","ping_status":"","sticky":false,"template":"","format":"standard","meta":{"footnotes":""},"categories":[142],"tags":[657,160,166,3971,656,114,115,722,157,167,164,2413,2411,3972,2379,719,659,161,158,165,159,32,33,156,2377,163,151,162],"class_list":{"0":"post-103453","1":"post","2":"type-post","3":"status-publish","4":"format-standard","5":"has-post-thumbnail","7":"category-tv","8":"tag-a-fazenda","9":"tag-ana-guiomar","10":"tag-cristina-ferreira","11":"tag-dalila-carmo","12":"tag-diogo-infante","13":"tag-entertainment","14":"tag-entretenimento","15":"tag-eva","16":"tag-festa-e-festa","17":"tag-ficcao","18":"tag-jose-fidalgo","19":"tag-julia","20":"tag-kelly-bailey","21":"tag-leonor","22":"tag-lukenia","23":"tag-margarida-corceiro","24":"tag-miguel","25":"tag-novelas","26":"tag-para-sempre","27":"tag-pedro-sousa","28":"tag-pedro-teixeira","29":"tag-portugal","30":"tag-pt","31":"tag-queridos-papas","32":"tag-rita-cruz","33":"tag-tiago-teotonio-pereira","34":"tag-tv","35":"tag-tvi"},"share_on_mastodon":{"url":"","error":""},"_links":{"self":[{"href":"https:\/\/www.europesays.com\/pt\/wp-json\/wp\/v2\/posts\/103453","targetHints":{"allow":["GET"]}}],"collection":[{"href":"https:\/\/www.europesays.com\/pt\/wp-json\/wp\/v2\/posts"}],"about":[{"href":"https:\/\/www.europesays.com\/pt\/wp-json\/wp\/v2\/types\/post"}],"author":[{"embeddable":true,"href":"https:\/\/www.europesays.com\/pt\/wp-json\/wp\/v2\/users\/2"}],"replies":[{"embeddable":true,"href":"https:\/\/www.europesays.com\/pt\/wp-json\/wp\/v2\/comments?post=103453"}],"version-history":[{"count":0,"href":"https:\/\/www.europesays.com\/pt\/wp-json\/wp\/v2\/posts\/103453\/revisions"}],"wp:featuredmedia":[{"embeddable":true,"href":"https:\/\/www.europesays.com\/pt\/wp-json\/wp\/v2\/media\/103454"}],"wp:attachment":[{"href":"https:\/\/www.europesays.com\/pt\/wp-json\/wp\/v2\/media?parent=103453"}],"wp:term":[{"taxonomy":"category","embeddable":true,"href":"https:\/\/www.europesays.com\/pt\/wp-json\/wp\/v2\/categories?post=103453"},{"taxonomy":"post_tag","embeddable":true,"href":"https:\/\/www.europesays.com\/pt\/wp-json\/wp\/v2\/tags?post=103453"}],"curies":[{"name":"wp","href":"https:\/\/api.w.org\/{rel}","templated":true}]}}