{"id":103491,"date":"2025-10-09T13:18:11","date_gmt":"2025-10-09T13:18:11","guid":{"rendered":"https:\/\/www.europesays.com\/pt\/103491\/"},"modified":"2025-10-09T13:18:11","modified_gmt":"2025-10-09T13:18:11","slug":"gene-simmons-ex-vocalista-do-kiss-sofre-acidente-de-carro","status":"publish","type":"post","link":"https:\/\/www.europesays.com\/pt\/103491\/","title":{"rendered":"Gene Simmons, ex-vocalista do Kiss, sofre acidente de carro"},"content":{"rendered":"<p>Gene Simmons, <strong><a href=\"https:\/\/www.otempo.com.br\/entretenimento\/kiss-em-bh-entenda-o-significado-por-tras-das-maquiagens-da-iconica-banda-1.2853574\" target=\"_blank\" rel=\"noopener nofollow\">que foi vocalista e baixista do Kiss<\/a><\/strong>, est\u00e1 se recuperando em casa de um acidente de carro que sofreu nesta ter\u00e7a (7). A informa\u00e7\u00e3o \u00e9 da emissora NBC4, que afirma que o m\u00fasico desmaiou ao volante e bateu o ve\u00edculo logo em seguida.<\/p>\n<p>A pol\u00edcia, por sua vez, confirmou o acidente, mas n\u00e3o revelou a identidade do artista. Segundo a esposa de Simmons, Shannon, a medica\u00e7\u00e3o do m\u00fasico foi alterada por seus m\u00e9dicos h\u00e1 pouco tempo.<\/p>\n<p>O Kiss deve se apresentar em novembro na sua primeira apresenta\u00e7\u00e3o desde que o grupo se aposentou, em 2023.<\/p>\n","protected":false},"excerpt":{"rendered":"Gene Simmons, que foi vocalista e baixista do Kiss, est\u00e1 se recuperando em casa de um acidente de&hellip;\n","protected":false},"author":2,"featured_media":103492,"comment_status":"","ping_status":"","sticky":false,"template":"","format":"standard","meta":{"footnotes":""},"categories":[145],"tags":[59,211,210,114,115,24939,11290,32,33],"class_list":{"0":"post-103491","1":"post","2":"type-post","3":"status-publish","4":"format-standard","5":"has-post-thumbnail","7":"category-celebridades","8":"tag-acidente","9":"tag-celebridades","10":"tag-celebrities","11":"tag-entertainment","12":"tag-entretenimento","13":"tag-gene-simmons","14":"tag-kiss","15":"tag-portugal","16":"tag-pt"},"share_on_mastodon":{"url":"","error":""},"_links":{"self":[{"href":"https:\/\/www.europesays.com\/pt\/wp-json\/wp\/v2\/posts\/103491","targetHints":{"allow":["GET"]}}],"collection":[{"href":"https:\/\/www.europesays.com\/pt\/wp-json\/wp\/v2\/posts"}],"about":[{"href":"https:\/\/www.europesays.com\/pt\/wp-json\/wp\/v2\/types\/post"}],"author":[{"embeddable":true,"href":"https:\/\/www.europesays.com\/pt\/wp-json\/wp\/v2\/users\/2"}],"replies":[{"embeddable":true,"href":"https:\/\/www.europesays.com\/pt\/wp-json\/wp\/v2\/comments?post=103491"}],"version-history":[{"count":0,"href":"https:\/\/www.europesays.com\/pt\/wp-json\/wp\/v2\/posts\/103491\/revisions"}],"wp:featuredmedia":[{"embeddable":true,"href":"https:\/\/www.europesays.com\/pt\/wp-json\/wp\/v2\/media\/103492"}],"wp:attachment":[{"href":"https:\/\/www.europesays.com\/pt\/wp-json\/wp\/v2\/media?parent=103491"}],"wp:term":[{"taxonomy":"category","embeddable":true,"href":"https:\/\/www.europesays.com\/pt\/wp-json\/wp\/v2\/categories?post=103491"},{"taxonomy":"post_tag","embeddable":true,"href":"https:\/\/www.europesays.com\/pt\/wp-json\/wp\/v2\/tags?post=103491"}],"curies":[{"name":"wp","href":"https:\/\/api.w.org\/{rel}","templated":true}]}}