{"id":103513,"date":"2025-10-09T13:39:10","date_gmt":"2025-10-09T13:39:10","guid":{"rendered":"https:\/\/www.europesays.com\/pt\/103513\/"},"modified":"2025-10-09T13:39:10","modified_gmt":"2025-10-09T13:39:10","slug":"rejeitada-pela-cunhada-liliana-e-arrasada-pela-irma-de-fabio-em-praca-publica-qual-e-a-ideia-desta-miuda-secret-story","status":"publish","type":"post","link":"https:\/\/www.europesays.com\/pt\/103513\/","title":{"rendered":"Rejeitada pela &#8216;cunhada&#8217;? Liliana \u00e9 arrasada pela irm\u00e3 de F\u00e1bio em pra\u00e7a p\u00fablica: \u00abQual \u00e9 a ideia desta mi\u00fada?\u00bb &#8211; Secret Story"},"content":{"rendered":"<p><strong>Liliana e F\u00e1bio t\u00eam vivido momentos de alta tens\u00e3o dentro da casa do Secret Story 9.<\/strong> Para al\u00e9m da revela\u00e7\u00e3o bomb\u00e1stica do segredo da concorrente, os dois t\u00eam discutido porque F\u00e1bio parece ter ci\u00fames de Pedro Jorge. Quem n\u00e3o est\u00e1 a gostar nada desta novela \u00e9 <a href=\"https:\/\/tvi.iol.pt\/secretstory\/fotos\/fabio-e-familiar-de-um-ex-concorrente-do-secret-story-as-imagens-que-comprovam\/68e4de0ed34ee0c2fed0f5f3\" rel=\"nofollow noopener\" target=\"_blank\">Vanessa Pereira, a irm\u00e3 do concorrente, que parece n\u00e3o aprovar a<\/a><strong><a href=\"https:\/\/tvi.iol.pt\/secretstory\/fotos\/fabio-e-familiar-de-um-ex-concorrente-do-secret-story-as-imagens-que-comprovam\/68e4de0ed34ee0c2fed0f5f3\" rel=\"nofollow noopener\" target=\"_blank\"> nova &#8216;cunhada<\/a>&#8216;.\u00a0<\/strong><\/p>\n<p>Na tarde desta quarta-feira, 8 de outubro, foi partilhado um post nas redes sociais do Secret Story que dava conta de uma<a href=\"https:\/\/tvi.iol.pt\/secretstory\/videos\/fabio-fala-sobre-ciumes-de-pedro-jorge-usa-a-liliana-para-me-atacar\/68e769b50cf29d28d828cdf3\" rel=\"nofollow noopener\" target=\"_blank\"> intensa cena de ci\u00fames de F\u00e1bio perante a aproxima\u00e7\u00e3o de<strong> Liliana e Pedro Jorge.<\/strong> <\/a>Sem papas na l\u00edngua, a irm\u00e3 de F\u00e1bio comentou essa mesma publica\u00e7\u00e3o, e n\u00e3o poupou nas cr\u00edticas a Liliana.<\/p>\n<p>A irm\u00e3 do nortenho considera que <a href=\"https:\/\/tvi.iol.pt\/secretstory\/fotos\/imagens-torridas-assim-foi-o-primeiro-beijo-na-boca-de-liliana-e-fabio\/68e512e8d34ee0c2fed0f8db\" rel=\"nofollow noopener\" target=\"_blank\">Liliana \u00e9 que anda a tentar provocar ci\u00fames a F\u00e1bio.<\/a> \u00ab<strong>Talvez porque ela pr\u00f3pria o est\u00e1 a incendiar contra o Pedro, n\u00e3o? Ainda ontem foi pic\u00e1-lo, a dizer que o Pedro queria tomar banho com ela<\/strong>\u2026 qual a ideia desta mi\u00fada afinal? \ud83e\udd37\ud83c\udffb\u200d\u2640\ufe0f\u00bb, escreveu Vanessa Pereira, na caixa de coment\u00e1rios.<\/p>\n<p><strong>Pode ver aqui a publica\u00e7\u00e3o em quest\u00e3o:\u00a0<\/strong><\/p>\n<p style=\"text-align:center\"><img loading=\"lazy\" decoding=\"async\" alt=\"\" height=\"493\" src=\"https:\/\/www.europesays.com\/pt\/wp-content\/uploads\/2025\/10\/68e7ad31d34ee0c2fed10eb5.webp\" width=\"750\"\/><\/p>\n<p>\u00a0<\/p>\n<p>N\u00e3o vai acreditar: Este ex-concorrente pol\u00e9mico do Secret Story \u00e9 familiar de F\u00e1bio <\/p>\n<p><strong>F\u00e1bio <a href=\"https:\/\/tvi.iol.pt\/secretstory\/videos\/pe-atras-terminou-uma-relacao-de-4-anos-por-uma-pessoa-que-conhece-ha-3-semanas-as-palavras-duras-de-fabio-sobre-liliana\/68e4011c0cf29d28d828ca91\" rel=\"nofollow noopener\" target=\"_blank\">\u00e9 um dos dos concorrentes mais pol\u00e9micos<\/a> do Secret Story &#8211; Casa dos Segredos 9<\/strong> e tem se\u00a0destacado<strong> devido \u00e0 sua rela\u00e7\u00e3o com Liliana. <\/strong>Sabe-se agora que o concorrente, de 26 anos, tem tamb\u00e9m uma liga\u00e7\u00e3o muito especial com um ex-concorrente de uma outra edi\u00e7\u00e3o.<\/p>\n<p>O <strong>nortenho \u00e9 cunhado de Cl\u00e1udio Coelho<\/strong>, ex-concorrente do Secret Story &#8211; Casa dos Segredos 6 e do Desafio Final. O profissional de p\u00f3quer e a<strong> <a href=\"https:\/\/tvi.iol.pt\/secretstory\/videos\/fabio-sai-em-defesa-de-liliana-contra-ana-cristina-isso-e-gravissimo\/68e40ca90cf29d28d828ca9e\" rel=\"nofollow noopener\" target=\"_blank\">irm\u00e3 de F\u00e1bio<\/a>, Vanessa Pereira<\/strong>, s\u00e3o namorados h\u00e1 alguns anos e at\u00e9 t\u00eam um filho em comum.\u00a0<\/p>\n<p>Em 2023, <a href=\"https:\/\/tvi.iol.pt\/secretstory\/videos\/e-se-fabio-levar-liliana-para-casa-familia-do-concorrente-pronuncia-se-sobre-relacao\/68e402da0cf285ab53a60710\" rel=\"nofollow noopener\" target=\"_blank\">os dois estiveram no Dois \u00e0s 10 a falar sobre a gravidez.<\/a><\/p>\n<p><strong>Pode ver aqui o v\u00eddeo em quest\u00e3o:<\/strong><\/p>\n<p>Recorde-se que Cl\u00e1udio Coelho tamb\u00e9m foi um pol\u00e9mico concorrente de reality show e que acabou mesmo por ser expulso pela Voz depois de lhe faltar ao respeito.<\/p>\n<p><strong>Percorra a nossa galeria e veja Cl\u00e1udio Coelho com a irm\u00e3 de F\u00e1bio Pereira<\/strong><br \/>\u00a0<\/p>\n<p><strong>Veja ainda:\u00a0<a href=\"https:\/\/tvi.iol.pt\/secretstory\/videos\/e-se-fabio-levar-liliana-para-casa-familia-do-concorrente-pronuncia-se-sobre-relacao\/68e402da0cf285ab53a60710\" rel=\"nofollow noopener\" target=\"_blank\">E se F\u00e1bio levar Liliana para casa? Fam\u00edlia do concorrente pronuncia-se sobre rela\u00e7\u00e3o &#8211; Secret Story &#8211; TVI<\/a><\/strong><\/p>\n","protected":false},"excerpt":{"rendered":"Liliana e F\u00e1bio t\u00eam vivido momentos de alta tens\u00e3o dentro da casa do Secret Story 9. Para al\u00e9m&hellip;\n","protected":false},"author":2,"featured_media":103514,"comment_status":"","ping_status":"","sticky":false,"template":"","format":"standard","meta":{"footnotes":""},"categories":[142],"tags":[19374,19373,114,115,19082,12195,19016,19375,32,33,151],"class_list":{"0":"post-103513","1":"post","2":"type-post","3":"status-publish","4":"format-standard","5":"has-post-thumbnail","7":"category-tv","8":"tag-confrontos-concorrentes","9":"tag-discussoes-secret-story","10":"tag-entertainment","11":"tag-entretenimento","12":"tag-fabio","13":"tag-irma","14":"tag-liliana","15":"tag-polemicas","16":"tag-portugal","17":"tag-pt","18":"tag-tv"},"share_on_mastodon":{"url":"","error":""},"_links":{"self":[{"href":"https:\/\/www.europesays.com\/pt\/wp-json\/wp\/v2\/posts\/103513","targetHints":{"allow":["GET"]}}],"collection":[{"href":"https:\/\/www.europesays.com\/pt\/wp-json\/wp\/v2\/posts"}],"about":[{"href":"https:\/\/www.europesays.com\/pt\/wp-json\/wp\/v2\/types\/post"}],"author":[{"embeddable":true,"href":"https:\/\/www.europesays.com\/pt\/wp-json\/wp\/v2\/users\/2"}],"replies":[{"embeddable":true,"href":"https:\/\/www.europesays.com\/pt\/wp-json\/wp\/v2\/comments?post=103513"}],"version-history":[{"count":0,"href":"https:\/\/www.europesays.com\/pt\/wp-json\/wp\/v2\/posts\/103513\/revisions"}],"wp:featuredmedia":[{"embeddable":true,"href":"https:\/\/www.europesays.com\/pt\/wp-json\/wp\/v2\/media\/103514"}],"wp:attachment":[{"href":"https:\/\/www.europesays.com\/pt\/wp-json\/wp\/v2\/media?parent=103513"}],"wp:term":[{"taxonomy":"category","embeddable":true,"href":"https:\/\/www.europesays.com\/pt\/wp-json\/wp\/v2\/categories?post=103513"},{"taxonomy":"post_tag","embeddable":true,"href":"https:\/\/www.europesays.com\/pt\/wp-json\/wp\/v2\/tags?post=103513"}],"curies":[{"name":"wp","href":"https:\/\/api.w.org\/{rel}","templated":true}]}}