{"id":103523,"date":"2025-10-09T13:47:13","date_gmt":"2025-10-09T13:47:13","guid":{"rendered":"https:\/\/www.europesays.com\/pt\/103523\/"},"modified":"2025-10-09T13:47:13","modified_gmt":"2025-10-09T13:47:13","slug":"afinal-nao-foi-assalto-autoridades-garantem-que-autarca-alema-foi-atacada-pela-propria-filha-de-17-anos","status":"publish","type":"post","link":"https:\/\/www.europesays.com\/pt\/103523\/","title":{"rendered":"Afinal n\u00e3o foi assalto. Autoridades garantem que autarca alem\u00e3 foi atacada pela pr\u00f3pria filha de 17 anos"},"content":{"rendered":"<p>As autoridades alem\u00e3s revelaram esta quarta-feira, 8 de outubro, que a rec\u00e9m-eleita presidente da c\u00e2mara Herdecke, Iris Stalzer, n\u00e3o foi afinal v\u00edtima de um assalto \u00e0 porta de casa na ter\u00e7a-feira, tendo conclu\u00eddo que foi a pr\u00f3pria filha, de 17 anos, que esfaqueou a m\u00e3e e depois deu o alerta \u00e0s autoridades.<\/p>\n<p>Ali\u00e1s, os investigadores chegaram ainda \u00e0 conclus\u00e3o que Stalzer foi esfaqueada ainda dentro da resid\u00eancia. A autarca, que iria tomar posse a 1 de novembro, encontra-se internada no hospital, mas j\u00e1 est\u00e1 livre de perigo, encontrando-se est\u00e1vel.<\/p>\n<p>Al\u00e9m da filha, tamb\u00e9m o filho de 15 anos foi detido, uma vez que as autoridades encontraram em casa duas facas e roupas com vest\u00edgios de sangue.<\/p>\n<p>Durante o interrogat\u00f3rio, Iris Stalzer afirmou que foi a filha a autora do ataque, segundo o detetive Jens Rautenberg. Por sua vez, o procurador Bernd Haldorn afirmou que o caso est\u00e1 a ser tratado como ofensa corporal grave, pelo que tudo indica que os dois menores ser\u00e3o entregues \u00e0 assist\u00eancia social enquanto decorre a investiga\u00e7\u00e3o.<\/p>\n<p>Na origem deste ataque com faca est\u00e1, de acordo com o que foi apurado pelas as autoridades, um conflito familiar, tendo j\u00e1 sido descartadas motiva\u00e7\u00f5es pol\u00edticas.<\/p>\n<p>Herdecke \u00e9 uma cidade com cerca de 23 mil habitantes situada na regi\u00e3o do Ruhr, entre Hagen e Dortmund.<\/p>\n","protected":false},"excerpt":{"rendered":"As autoridades alem\u00e3s revelaram esta quarta-feira, 8 de outubro, que a rec\u00e9m-eleita presidente da c\u00e2mara Herdecke, Iris Stalzer,&hellip;\n","protected":false},"author":2,"featured_media":103524,"comment_status":"","ping_status":"","sticky":false,"template":"","format":"standard","meta":{"footnotes":""},"categories":[50],"tags":[1305,79,25049,27,28,17889,15,16,14,25,26,21,22,62,12,13,19,20,23,24,17,18,29,30,31,63,64,65],"class_list":{"0":"post-103523","1":"post","2":"type-post","3":"status-publish","4":"format-standard","5":"has-post-thumbnail","7":"category-mundo","8":"tag-alemanha","9":"tag-ataque","10":"tag-autarca","11":"tag-breaking-news","12":"tag-breakingnews","13":"tag-esfaqueamento","14":"tag-featured-news","15":"tag-featurednews","16":"tag-headlines","17":"tag-latest-news","18":"tag-latestnews","19":"tag-main-news","20":"tag-mainnews","21":"tag-mundo","22":"tag-news","23":"tag-noticias","24":"tag-noticias-principais","25":"tag-noticiasprincipais","26":"tag-principais-noticias","27":"tag-principaisnoticias","28":"tag-top-stories","29":"tag-topstories","30":"tag-ultimas","31":"tag-ultimas-noticias","32":"tag-ultimasnoticias","33":"tag-world","34":"tag-world-news","35":"tag-worldnews"},"share_on_mastodon":{"url":"","error":""},"_links":{"self":[{"href":"https:\/\/www.europesays.com\/pt\/wp-json\/wp\/v2\/posts\/103523","targetHints":{"allow":["GET"]}}],"collection":[{"href":"https:\/\/www.europesays.com\/pt\/wp-json\/wp\/v2\/posts"}],"about":[{"href":"https:\/\/www.europesays.com\/pt\/wp-json\/wp\/v2\/types\/post"}],"author":[{"embeddable":true,"href":"https:\/\/www.europesays.com\/pt\/wp-json\/wp\/v2\/users\/2"}],"replies":[{"embeddable":true,"href":"https:\/\/www.europesays.com\/pt\/wp-json\/wp\/v2\/comments?post=103523"}],"version-history":[{"count":0,"href":"https:\/\/www.europesays.com\/pt\/wp-json\/wp\/v2\/posts\/103523\/revisions"}],"wp:featuredmedia":[{"embeddable":true,"href":"https:\/\/www.europesays.com\/pt\/wp-json\/wp\/v2\/media\/103524"}],"wp:attachment":[{"href":"https:\/\/www.europesays.com\/pt\/wp-json\/wp\/v2\/media?parent=103523"}],"wp:term":[{"taxonomy":"category","embeddable":true,"href":"https:\/\/www.europesays.com\/pt\/wp-json\/wp\/v2\/categories?post=103523"},{"taxonomy":"post_tag","embeddable":true,"href":"https:\/\/www.europesays.com\/pt\/wp-json\/wp\/v2\/tags?post=103523"}],"curies":[{"name":"wp","href":"https:\/\/api.w.org\/{rel}","templated":true}]}}