{"id":10361,"date":"2025-07-31T16:17:07","date_gmt":"2025-07-31T16:17:07","guid":{"rendered":"https:\/\/www.europesays.com\/pt\/10361\/"},"modified":"2025-07-31T16:17:07","modified_gmt":"2025-07-31T16:17:07","slug":"noticia-tvi-cnn-florentino-titular-joao-veloso-no-banco-no-derbi","status":"publish","type":"post","link":"https:\/\/www.europesays.com\/pt\/10361\/","title":{"rendered":"Not\u00edcia TVI\/CNN: Florentino titular, Jo\u00e3o Veloso no banco no d\u00e9rbi"},"content":{"rendered":"<p>Florentino vai ser titular no Sporting-Benfica, com in\u00edcio marcado para as 20h45.<\/p>\n<p>Segundo apurou a <strong>TVI\/CNN Portugal<\/strong>, o m\u00e9dio de 25 anos regressa \u00e0s op\u00e7\u00f5es iniciais de Bruno Lage ap\u00f3s ter recuperado, nos \u00faltimos dias, de uma les\u00e3o que o afastou da Eus\u00e9bio Cup.<\/p>\n<p>Em sentido inverso, Jo\u00e3o Veloso, titular diante do Fenerbah\u00e7e, come\u00e7a no banco, sendo expect\u00e1vel que o t\u00e9cnico das \u00e1guias inicie o d\u00e9rbi com Florentino, Enzo Barrenechea e Richard R\u00edos no meio-campo.<\/p>\n","protected":false},"excerpt":{"rendered":"Florentino vai ser titular no Sporting-Benfica, com in\u00edcio marcado para as 20h45. Segundo apurou a TVI\/CNN Portugal, o&hellip;\n","protected":false},"author":2,"featured_media":10362,"comment_status":"","ping_status":"","sticky":false,"template":"","format":"standard","meta":{"footnotes":""},"categories":[87],"tags":[51,135,4537,3729,46,32,33,47,134],"class_list":{"0":"post-10361","1":"post","2":"type-post","3":"status-publish","4":"format-standard","5":"has-post-thumbnail","7":"category-desporto","8":"tag-benfica","9":"tag-desporto","10":"tag-florentino","11":"tag-joao-veloso","12":"tag-maisfutebol","13":"tag-portugal","14":"tag-pt","15":"tag-pura-paixao","16":"tag-sports"},"share_on_mastodon":{"url":"","error":""},"_links":{"self":[{"href":"https:\/\/www.europesays.com\/pt\/wp-json\/wp\/v2\/posts\/10361","targetHints":{"allow":["GET"]}}],"collection":[{"href":"https:\/\/www.europesays.com\/pt\/wp-json\/wp\/v2\/posts"}],"about":[{"href":"https:\/\/www.europesays.com\/pt\/wp-json\/wp\/v2\/types\/post"}],"author":[{"embeddable":true,"href":"https:\/\/www.europesays.com\/pt\/wp-json\/wp\/v2\/users\/2"}],"replies":[{"embeddable":true,"href":"https:\/\/www.europesays.com\/pt\/wp-json\/wp\/v2\/comments?post=10361"}],"version-history":[{"count":0,"href":"https:\/\/www.europesays.com\/pt\/wp-json\/wp\/v2\/posts\/10361\/revisions"}],"wp:featuredmedia":[{"embeddable":true,"href":"https:\/\/www.europesays.com\/pt\/wp-json\/wp\/v2\/media\/10362"}],"wp:attachment":[{"href":"https:\/\/www.europesays.com\/pt\/wp-json\/wp\/v2\/media?parent=10361"}],"wp:term":[{"taxonomy":"category","embeddable":true,"href":"https:\/\/www.europesays.com\/pt\/wp-json\/wp\/v2\/categories?post=10361"},{"taxonomy":"post_tag","embeddable":true,"href":"https:\/\/www.europesays.com\/pt\/wp-json\/wp\/v2\/tags?post=10361"}],"curies":[{"name":"wp","href":"https:\/\/api.w.org\/{rel}","templated":true}]}}