{"id":103613,"date":"2025-10-09T15:06:43","date_gmt":"2025-10-09T15:06:43","guid":{"rendered":"https:\/\/www.europesays.com\/pt\/103613\/"},"modified":"2025-10-09T15:06:43","modified_gmt":"2025-10-09T15:06:43","slug":"conheca-satantango-o-unico-livro-do-vencedor-do-nobel-2025-lancado-no-brasil","status":"publish","type":"post","link":"https:\/\/www.europesays.com\/pt\/103613\/","title":{"rendered":"Conhe\u00e7a \u201cS\u00e1t\u00e1ntang\u00f3\u201d, o \u00fanico livro do vencedor do Nobel 2025 lan\u00e7ado no Brasil"},"content":{"rendered":"<p>\n                    Publicado pela Companhia das Letras, o romance de estreia do autor h\u00fangaro, lan\u00e7ado em 1985, mistura chuva incessante, personagens \u00e0 beira do colapso e a chegada de um homem misterioso que pode ser profeta, vigarista ou dem\u00f4nio                <\/p>\n<p>\u00danica obra de L\u00e1szl\u00f3 Krasznahorkai publicada no Brasil, S\u00e1t\u00e1ntang\u00f3 foi lan\u00e7ado pela Companhia das Letras. O romance, que marcou a estreia do escritor h\u00fangaro, vencedor do Pr\u00eamio Nobel de Literatura 2025, saiu originalmente em 1985 e chegou ao Pa\u00eds em tradu\u00e7\u00e3o direta do h\u00fangaro feita por Paulo Schiller.<\/p>\n<p>A estreia de Krasznahorkai foi elogiada pela Academia Sueca, que o descreveu como autor de \u201cuma obra convincente e vision\u00e1ria que, em meio ao terror apocal\u00edptico, reafirma o poder da arte\u201d. O romance recebeu em 2013 o pr\u00eamio de melhor livro traduzido para o ingl\u00eas.<\/p>\n<p>A hist\u00f3ria se passa em uma aldeia rural em constante chuva e acompanha a chegada de um homem misterioso, que pode ser um profeta, um vigarista ou o pr\u00f3prio dem\u00f4nio, a um povoado em ru\u00ednas. Entre os moradores est\u00e3o camponeses esfarrapados, um m\u00e9dico alco\u00f3latra que observa os vizinhos, jovens perdidas em um moinho destru\u00eddo e uma garota com defici\u00eancia.<\/p>\n<p>\t\t\t\t\t\t\t\t\t\tLISTA GRATUITA\t\t\t\t\t\t\t\t\t<\/p>\n<p>\t\t\t\t\t\t\t\t\t\t10 small caps para investir\n\t\t\t\t\t\t\t\t\t\t\t\t\t\t\t<\/p>\n<p class=\"font-normal text-base text-wl-neutral-600 max-w-md mx-auto\">\n\t\t\t\t\t\t\tA lista de a\u00e7\u00f5es de setores promissores da Bolsa\t\t\t\t\t\t<\/p>\n<p>A not\u00edcia de que Irimi\u00e1s, homem dado como morto, est\u00e1 voltando desperta expectativa e medo. \u00c0 sua espera, as pessoas se re\u00fanem em uma taverna, onde discutem, bebem e dan\u00e7am ao som de um acorde\u00e3o.<\/p>\n<p>Em S\u00e1t\u00e1ntang\u00f3, cada cap\u00edtulo \u00e9 constru\u00eddo em um \u00fanico par\u00e1grafo, recurso que intensifica o fluxo de pensamento e o clima de confus\u00e3o que domina os personagens. A palavra \u201cescurid\u00e3o\u201d aparece 76 vezes ao longo do texto, refor\u00e7ando o tom sombrio e denso da hist\u00f3ria.<\/p>\n<p>A obra tamb\u00e9m inspirou o cineasta B\u00e9la Tarr, que a adaptou em um filme de sete horas e meia, exibido no Festival de Berlim em 1994 e inclu\u00eddo entre as melhores produ\u00e7\u00f5es de todos os tempos pela revista brit\u00e2nica Sight &amp; Sound.<\/p>\n","protected":false},"excerpt":{"rendered":"Publicado pela Companhia das Letras, o romance de estreia do autor h\u00fangaro, lan\u00e7ado em 1985, mistura chuva incessante,&hellip;\n","protected":false},"author":2,"featured_media":103614,"comment_status":"","ping_status":"","sticky":false,"template":"","format":"standard","meta":{"footnotes":""},"categories":[143],"tags":[169,315,114,115,319,864,170,11311,32,33],"class_list":{"0":"post-103613","1":"post","2":"type-post","3":"status-publish","4":"format-standard","5":"has-post-thumbnail","7":"category-livros","8":"tag-books","9":"tag-cultura","10":"tag-entertainment","11":"tag-entretenimento","12":"tag-hard-news","13":"tag-literatura","14":"tag-livros","15":"tag-nobel","16":"tag-portugal","17":"tag-pt"},"share_on_mastodon":{"url":"","error":""},"_links":{"self":[{"href":"https:\/\/www.europesays.com\/pt\/wp-json\/wp\/v2\/posts\/103613","targetHints":{"allow":["GET"]}}],"collection":[{"href":"https:\/\/www.europesays.com\/pt\/wp-json\/wp\/v2\/posts"}],"about":[{"href":"https:\/\/www.europesays.com\/pt\/wp-json\/wp\/v2\/types\/post"}],"author":[{"embeddable":true,"href":"https:\/\/www.europesays.com\/pt\/wp-json\/wp\/v2\/users\/2"}],"replies":[{"embeddable":true,"href":"https:\/\/www.europesays.com\/pt\/wp-json\/wp\/v2\/comments?post=103613"}],"version-history":[{"count":0,"href":"https:\/\/www.europesays.com\/pt\/wp-json\/wp\/v2\/posts\/103613\/revisions"}],"wp:featuredmedia":[{"embeddable":true,"href":"https:\/\/www.europesays.com\/pt\/wp-json\/wp\/v2\/media\/103614"}],"wp:attachment":[{"href":"https:\/\/www.europesays.com\/pt\/wp-json\/wp\/v2\/media?parent=103613"}],"wp:term":[{"taxonomy":"category","embeddable":true,"href":"https:\/\/www.europesays.com\/pt\/wp-json\/wp\/v2\/categories?post=103613"},{"taxonomy":"post_tag","embeddable":true,"href":"https:\/\/www.europesays.com\/pt\/wp-json\/wp\/v2\/tags?post=103613"}],"curies":[{"name":"wp","href":"https:\/\/api.w.org\/{rel}","templated":true}]}}