{"id":103615,"date":"2025-10-09T15:07:14","date_gmt":"2025-10-09T15:07:14","guid":{"rendered":"https:\/\/www.europesays.com\/pt\/103615\/"},"modified":"2025-10-09T15:07:14","modified_gmt":"2025-10-09T15:07:14","slug":"postura-de-marisa-perante-liliana-deixa-pedro-jorge-inseguro-cinha-jardim-afirma-ficou-preocupado-com-aquilo-que-a-mulher-disse-dois-as-10","status":"publish","type":"post","link":"https:\/\/www.europesays.com\/pt\/103615\/","title":{"rendered":"Postura de Marisa perante Liliana deixa Pedro Jorge inseguro? Cinha Jardim afirma: \u00abFicou preocupado com aquilo que a mulher disse\u00bb &#8211; Dois \u00e0s 10"},"content":{"rendered":"<p>No <a href=\"https:\/\/tvi.iol.pt\/doisas10\/\" rel=\"nofollow noopener\" target=\"_blank\">\u00abDois \u00e0s 10\u00bb<\/a>, comentamos as novidades do momento na casa do \u00abSecret Story 9\u00bb. \u00c9 dia de ficarmos a par de tudo o que tem acontecido entre os concorrentes, das din\u00e2micas mais intensas \u00e0s pol\u00e9micas que est\u00e3o a dar que falar. Para isso, contamos com a companhia dos comentadores Lu\u00edsa Castel-Branco, Gon\u00e7alo Quinaz e Cinha Jardim, que trazem sempre perspetivas \u00fanicas, boa disposi\u00e7\u00e3o e muitas opini\u00f5es sobre os \u00faltimos acontecimentos do reality show.<\/p>\n","protected":false},"excerpt":{"rendered":"No \u00abDois \u00e0s 10\u00bb, comentamos as novidades do momento na casa do \u00abSecret Story 9\u00bb. \u00c9 dia de&hellip;\n","protected":false},"author":2,"featured_media":103616,"comment_status":"","ping_status":"","sticky":false,"template":"","format":"standard","meta":{"footnotes":""},"categories":[142],"tags":[18270,329,166,3412,3406,3409,801,3410,3411,3407,3408,114,115,3413,338,19184,21416,32,33,16686,151],"class_list":{"0":"post-103615","1":"post","2":"type-post","3":"status-publish","4":"format-standard","5":"has-post-thumbnail","7":"category-tv","8":"tag-cinha-jardim","9":"tag-claudio-ramos","10":"tag-cristina-ferreira","11":"tag-dois-10","12":"tag-dois-a-s-10-dois-a-s-10","13":"tag-dois-a-s-dez","14":"tag-dois-as-10","15":"tag-dois-as-dez","16":"tag-dois-dez","17":"tag-doisas10","18":"tag-doisasdez","19":"tag-entertainment","20":"tag-entretenimento","21":"tag-manha-tvi","22":"tag-maria-botelho-moniz","23":"tag-marisa","24":"tag-pedro-jorge","25":"tag-portugal","26":"tag-pt","27":"tag-secret-story-9","28":"tag-tv"},"share_on_mastodon":{"url":"","error":""},"_links":{"self":[{"href":"https:\/\/www.europesays.com\/pt\/wp-json\/wp\/v2\/posts\/103615","targetHints":{"allow":["GET"]}}],"collection":[{"href":"https:\/\/www.europesays.com\/pt\/wp-json\/wp\/v2\/posts"}],"about":[{"href":"https:\/\/www.europesays.com\/pt\/wp-json\/wp\/v2\/types\/post"}],"author":[{"embeddable":true,"href":"https:\/\/www.europesays.com\/pt\/wp-json\/wp\/v2\/users\/2"}],"replies":[{"embeddable":true,"href":"https:\/\/www.europesays.com\/pt\/wp-json\/wp\/v2\/comments?post=103615"}],"version-history":[{"count":0,"href":"https:\/\/www.europesays.com\/pt\/wp-json\/wp\/v2\/posts\/103615\/revisions"}],"wp:featuredmedia":[{"embeddable":true,"href":"https:\/\/www.europesays.com\/pt\/wp-json\/wp\/v2\/media\/103616"}],"wp:attachment":[{"href":"https:\/\/www.europesays.com\/pt\/wp-json\/wp\/v2\/media?parent=103615"}],"wp:term":[{"taxonomy":"category","embeddable":true,"href":"https:\/\/www.europesays.com\/pt\/wp-json\/wp\/v2\/categories?post=103615"},{"taxonomy":"post_tag","embeddable":true,"href":"https:\/\/www.europesays.com\/pt\/wp-json\/wp\/v2\/tags?post=103615"}],"curies":[{"name":"wp","href":"https:\/\/api.w.org\/{rel}","templated":true}]}}