{"id":103625,"date":"2025-10-09T15:15:16","date_gmt":"2025-10-09T15:15:16","guid":{"rendered":"https:\/\/www.europesays.com\/pt\/103625\/"},"modified":"2025-10-09T15:15:16","modified_gmt":"2025-10-09T15:15:16","slug":"usar-chupeta-em-adulto-para-gerir-o-stress-e-um-novo-fenomeno","status":"publish","type":"post","link":"https:\/\/www.europesays.com\/pt\/103625\/","title":{"rendered":"Usar chupeta em adulto para gerir o stress \u00e9 um novo fen\u00f3meno"},"content":{"rendered":"<p>Todos temos mecanismos de regula\u00e7\u00e3o emocional, para gerir momentos de stress e ansiedade. S\u00e3o comportamentos que associamos a uma a\u00e7\u00e3o de controlo, sempre que nos sentimos assoberbados. \u00c9 o caso de fumar um cigarro, mascar uma chiclete, roer as unhas, respirar fundo, dar uma caminhada. Mas, recentemente, uma nova tend\u00eancia, popularizada no TikTok, tem vindo a inundar as redes sociais: s\u00e3o adultos a usar chupeta. No tr\u00e2nsito, no trabalho, em casa, para lidarem com momentos de maior press\u00e3o. O fen\u00f3meno inusitado, que come\u00e7ou por ganhar for\u00e7a em pa\u00edses asi\u00e1ticos, sobretudo na China, foi-se estendendo e ganhando express\u00e3o. Ainda n\u00e3o est\u00e1 muito presente na Europa, mas j\u00e1 d\u00e1 que falar nos Estados Unidos e no Brasil, de onde chegam v\u00e1rios v\u00eddeos de adultos com chupeta a alegar os benef\u00edcios.<\/p>\n<p data-remotead-prev-elm=\"true\" data-remotead-elm-id=\"inread\">Mas ser\u00e1 que h\u00e1 algum fundamento nisto? &#8220;Quando vi as imagens quase n\u00e3o parecia real, parecia at\u00e9 algo carnavalesco. Aquilo que se alega \u00e9 que traz apaziguamento em situa\u00e7\u00f5es de crise, que ajuda a gerir o stress. E, de facto, se decidimos que alguma coisa nos ajuda a gerir o stress, isso vai acontecer. Se decido que fumar um cigarro me ajuda, isso pode realmente fazer-me sentir mais relaxada do ponto de vista da perce\u00e7\u00e3o, pelo menos a curto prazo&#8221;, come\u00e7a por esclarecer Ana Isabel Lage, psic\u00f3loga cl\u00ednica no Porto, que prossegue, indo ao cerne da quest\u00e3o: &#8220;Sabemos que o movimento repetitivo e de suc\u00e7\u00e3o, de chuchar uma chupeta, apazigua os beb\u00e9s, \u00e9 quase uma primeira sensa\u00e7\u00e3o de controlo. Enquanto adultos diria que n\u00e3o \u00e9 a suc\u00e7\u00e3o propriamente dita que nos faz ficar calmos, mas \u00e9 o prop\u00f3sito que colocamos nessa a\u00e7\u00e3o. \u00c9 a ideia de estarmos a controlar a a\u00e7\u00e3o&#8221;. Na verdade, desde beb\u00e9s que estamos a aprender mecanismos de autorregula\u00e7\u00e3o, a psic\u00f3loga d\u00e1 inclusive o exemplo de crian\u00e7as de quatro ou cinco anos que ainda usam chupeta. &#8220;Com cinco anos j\u00e1 n\u00e3o \u00e9 habitual estar a usar esse sistema de autorregula\u00e7\u00e3o, mas, quando acontece, \u00e9 t\u00edpico ver que, por exemplo, se se aleijam pedem logo a chupeta. Porque associam que \u00e9 a \u00fanica coisa que as pode acalmar.&#8221;<\/p>\n<p>Acesso exclusivo a assinantes<\/p>\n<p>Acesso ilimitado a conte\u00fados exclusivos<\/p>\n<p>Navega\u00e7\u00e3o sem publicidade intrusiva<\/p>\n<p>Vers\u00e3o digital do jornal, suplementos e revistas<\/p>\n","protected":false},"excerpt":{"rendered":"Todos temos mecanismos de regula\u00e7\u00e3o emocional, para gerir momentos de stress e ansiedade. S\u00e3o comportamentos que associamos a&hellip;\n","protected":false},"author":2,"featured_media":103626,"comment_status":"","ping_status":"","sticky":false,"template":"","format":"standard","meta":{"footnotes":""},"categories":[50],"tags":[27,28,9892,1403,15,16,14,25,26,21,22,62,12,13,19,20,23,24,1934,17,18,29,30,31,63,64,65],"class_list":{"0":"post-103625","1":"post","2":"type-post","3":"status-publish","4":"format-standard","5":"has-post-thumbnail","7":"category-mundo","8":"tag-breaking-news","9":"tag-breakingnews","10":"tag-chupeta","11":"tag-comportamento","12":"tag-featured-news","13":"tag-featurednews","14":"tag-headlines","15":"tag-latest-news","16":"tag-latestnews","17":"tag-main-news","18":"tag-mainnews","19":"tag-mundo","20":"tag-news","21":"tag-noticias","22":"tag-noticias-principais","23":"tag-noticiasprincipais","24":"tag-principais-noticias","25":"tag-principaisnoticias","26":"tag-tiktok","27":"tag-top-stories","28":"tag-topstories","29":"tag-ultimas","30":"tag-ultimas-noticias","31":"tag-ultimasnoticias","32":"tag-world","33":"tag-world-news","34":"tag-worldnews"},"share_on_mastodon":{"url":"","error":""},"_links":{"self":[{"href":"https:\/\/www.europesays.com\/pt\/wp-json\/wp\/v2\/posts\/103625","targetHints":{"allow":["GET"]}}],"collection":[{"href":"https:\/\/www.europesays.com\/pt\/wp-json\/wp\/v2\/posts"}],"about":[{"href":"https:\/\/www.europesays.com\/pt\/wp-json\/wp\/v2\/types\/post"}],"author":[{"embeddable":true,"href":"https:\/\/www.europesays.com\/pt\/wp-json\/wp\/v2\/users\/2"}],"replies":[{"embeddable":true,"href":"https:\/\/www.europesays.com\/pt\/wp-json\/wp\/v2\/comments?post=103625"}],"version-history":[{"count":0,"href":"https:\/\/www.europesays.com\/pt\/wp-json\/wp\/v2\/posts\/103625\/revisions"}],"wp:featuredmedia":[{"embeddable":true,"href":"https:\/\/www.europesays.com\/pt\/wp-json\/wp\/v2\/media\/103626"}],"wp:attachment":[{"href":"https:\/\/www.europesays.com\/pt\/wp-json\/wp\/v2\/media?parent=103625"}],"wp:term":[{"taxonomy":"category","embeddable":true,"href":"https:\/\/www.europesays.com\/pt\/wp-json\/wp\/v2\/categories?post=103625"},{"taxonomy":"post_tag","embeddable":true,"href":"https:\/\/www.europesays.com\/pt\/wp-json\/wp\/v2\/tags?post=103625"}],"curies":[{"name":"wp","href":"https:\/\/api.w.org\/{rel}","templated":true}]}}