{"id":103637,"date":"2025-10-09T15:30:20","date_gmt":"2025-10-09T15:30:20","guid":{"rendered":"https:\/\/www.europesays.com\/pt\/103637\/"},"modified":"2025-10-09T15:30:20","modified_gmt":"2025-10-09T15:30:20","slug":"papa-aos-consagrados-espalhar-o-oxigenio-do-amor-os-modismos-paralisam-a-alma","status":"publish","type":"post","link":"https:\/\/www.europesays.com\/pt\/103637\/","title":{"rendered":"Papa aos consagrados: espalhar o &#8220;oxig\u00eanio&#8221; do amor; os modismos paralisam a alma"},"content":{"rendered":"<p>No Jubileu da Vida Consagrada, o Papa adverte para uma vida feita de momentos fugazes, de rela\u00e7\u00f5es superficiais e intermitentes, de modas passageiras: &#8220;coisas que deixam um vazio no cora\u00e7\u00e3o &#8220;. Para ser verdadeiramente feliz, afirmou Le\u00e3o XIV, o ser humano precisa de experi\u00eancias de amor consistentes, duradouras e s\u00f3lidas. E os consagrados &#8220;podem espalhar pelo mundo o oxig\u00eanio desta forma de amar&#8221;. <\/p>\n<p><b>Bianca Fraccalvieri &#8211; Vatican News<\/b><\/p>\n<p>Milhares de consagrados se reuniram na Pra\u00e7a S\u00e3o Pedro para viver seu Jubileu com o Papa Le\u00e3o XIV. Religiosos e religiosas, monges e contemplativas, membros de institutos seculares e do Ordo virginum, eremitas e membros de novos institutos de v\u00e1rias partes do mundo participaram da missa celebrada na manh\u00e3 desta quinta-feira, 9 de outubro.<\/p>\n<p>Viver os votos \u00e9 abandonar-se nos bra\u00e7os do Pai <\/p>\n<p>Em sua homilia, o Pont\u00edfice se inspirou nas palavras contidas no Evangelho de Lucas: \u201cPedi e ser-vos-\u00e1 dado; procurai e achareis; batei e abrir-se-vos-\u00e1\u201d (Lc 11, 9). Com estas palavras, Jesus convida a nos dirigir com confian\u00e7a ao Pai, sejam quais forem as nossas necessidades, \u201cporque viver os votos \u00e9 abandonar-se como crian\u00e7as nos bra\u00e7os do Pai\u201d.<\/p>\n<p>Pedir, procurar e bater, comentou o Papa, s\u00e3o verbos familiares aos consagrados, habituados a pedir sem exigir, praticando os conselhos evang\u00e9licos. Com efeito, &#8220;Pedir&#8221; \u00e9 reconhecer, na pobreza, que tudo \u00e9 dom do Senhor e de tudo se deve dar gra\u00e7as; &#8220;procurar&#8221; \u00e9 abrir-se, na obedi\u00eancia, \u00e0 descoberta quotidiana da via a seguir no caminho da santidade, segundo os des\u00edgnios de Deus; &#8220;bater&#8221; \u00e9 pedir e oferecer aos irm\u00e3os, com cora\u00e7\u00e3o casto, os dons recebidos, esfor\u00e7ando-se por amar a todos com respeito e gratuidade.<\/p>\n<p>Pedir, procurar e bater, acrescentou, significam tamb\u00e9m olhar para tr\u00e1s, para a pr\u00f3pria exist\u00eancia, trazendo \u00e0 mente e ao cora\u00e7\u00e3o o que o Senhor realizou, ao longo dos anos, para multiplicar os talentos, para aumentar e purificar a f\u00e9, para tornar mais generosa e livre a caridade.<\/p>\n<p>    <img decoding=\"async\" src=\"data:image\/gif;base64,R0lGODlhAQABAIAAAAAAAP\/\/\/yH5BAEAAAAALAAAAAABAAEAAAIBRAA7\" data-original=\"https:\/\/www.vaticannews.va\/content\/dam\/vaticannews\/agenzie\/images\/srv\/2025\/10\/09\/2025-10-09-santa-messa-per-il-giubileo-della-vita-consacrata\/1760001403407.JPG\/_jcr_content\/renditions\/cq5dam.thumbnail.cropped.750.422.jpeg\" alt=\"Papa beija o altar durante a missa para o Jubileu da Vida Consagrada\" title=\"Papa beija o altar durante a missa para o Jubileu da Vida Consagrada\"\/><\/p>\n<p>\n   Papa beija o altar durante a missa para o Jubileu da Vida Consagrada \u00a0 (@Vatican Media)\n  <\/p>\n<p>Os consagrados devem espalhar o &#8220;oxig\u00eanio&#8221; do amor <\/p>\n<p>Papa Le\u00e3o refletiu ent\u00e3o sobre Deus como plenitude e sentido da vida consagrada: para eles, o Senhor \u00e9 tudo. \u201cSem Ele nada existe, nada tem sentido, nada tem valor.\u201d Deste modo, a Igreja confia aos consagrados a tarefa de ser, com o despojamento de tudo, testemunhas vivas da primazia de Deus na pr\u00f3pria exist\u00eancia, ajudando do melhor modo poss\u00edvel tamb\u00e9m os irm\u00e3os e irm\u00e3s a cultivar esta mesma amizade.<\/p>\n<p>Todavia, observou o Papa comentando a primeira leitura, como no tempo do profeta Malaquias h\u00e1 quem diga: &#8220;De que vale servir a Deus?&#8221; (Ml 3, 14).<\/p>\n<blockquote>\n<p>\u201c\u00c9 um modo de pensar que conduz a uma aut\u00eantica paralisia da alma, contentando-se com uma vida feita de momentos fugazes, de rela\u00e7\u00f5es superficiais e intermitentes, de modas passageiras: tudo coisas que deixam no cora\u00e7\u00e3o um vazio. Para ser verdadeiramente feliz, o ser humano n\u00e3o precisa disso, mas de experi\u00eancias de amor consistentes, duradouras, s\u00f3lidas, e voc\u00eas, com o exemplo da pr\u00f3pria vida consagrada, podem espalhar pelo mundo o oxig\u00eanio desta forma de amar.\u201d<\/p>\n<\/blockquote>\n<p>    <img decoding=\"async\" src=\"data:image\/gif;base64,R0lGODlhAQABAIAAAAAAAP\/\/\/yH5BAEAAAAALAAAAAABAAEAAAIBRAA7\" data-original=\"https:\/\/www.vaticannews.va\/content\/dam\/vaticannews\/agenzie\/images\/srv\/2025\/10\/09\/2025-10-09-santa-messa-per-il-giubileo-della-vita-consacrata\/1760001421227.JPG\/_jcr_content\/renditions\/cq5dam.thumbnail.cropped.750.422.jpeg\" alt=\"Milhares de consagrados participaram da cerim\u00f4nia\" title=\"Milhares de consagrados participaram da cerim\u00f4nia\"\/><\/p>\n<p>\n   Milhares de consagrados participaram da cerim\u00f4nia \u00a0 (@Vatican Media)\n  <\/p>\n<p>Por fim, o Santo Padre se deteve na dimens\u00e3o escatol\u00f3gica da vida crist\u00e3. Enquanto est\u00e3o empenhados no mundo, devem estar ao mesmo tempo constantemente orientados para a eternidade. \u00c9 um convite a alargar o &#8220;pedir, o procurar e o bater&#8221; da ora\u00e7\u00e3o e da vida ao horizonte eterno, que transcende as realidades deste mundo, orientando-as para o domingo que n\u00e3o tem ocaso. Trata-se da miss\u00e3o confiada aos consagrados pelo Conc\u00edlio Vaticano II de ser testemunhas dos \u201cbens futuros\u201d.<\/p>\n<p>Papa Le\u00e3o concluiu citando S\u00e3o Paulo VI: \u201cConservem a simplicidade dos \u2018mais pequeninos\u2019 do Evangelho. Esforcem-se por encontr\u00e1-la numa rela\u00e7\u00e3o interior e o mais cordial poss\u00edvel com Cristo, ou nos contatos diretos com os seus irm\u00e3os. Conhecer\u00e3o ent\u00e3o \u2018o alvoro\u00e7o da alegria, pela a\u00e7\u00e3o do Esp\u00edrito Santo\u2019\u201d.<\/p>\n","protected":false},"excerpt":{"rendered":"No Jubileu da Vida Consagrada, o Papa adverte para uma vida feita de momentos fugazes, de rela\u00e7\u00f5es superficiais&hellip;\n","protected":false},"author":2,"featured_media":103638,"comment_status":"","ping_status":"","sticky":false,"template":"","format":"standard","meta":{"footnotes":""},"categories":[50],"tags":[1330,27,28,15,16,14,3992,25,26,21,22,62,12,13,19,20,811,23,24,17,18,29,30,31,12923,63,64,65],"class_list":{"0":"post-103637","1":"post","2":"type-post","3":"status-publish","4":"format-standard","5":"has-post-thumbnail","7":"category-mundo","8":"tag-jubileu2025","9":"tag-breaking-news","10":"tag-breakingnews","11":"tag-featured-news","12":"tag-featurednews","13":"tag-headlines","14":"tag-jubileu","15":"tag-latest-news","16":"tag-latestnews","17":"tag-main-news","18":"tag-mainnews","19":"tag-mundo","20":"tag-news","21":"tag-noticias","22":"tag-noticias-principais","23":"tag-noticiasprincipais","24":"tag-papa-leao-xiv","25":"tag-principais-noticias","26":"tag-principaisnoticias","27":"tag-top-stories","28":"tag-topstories","29":"tag-ultimas","30":"tag-ultimas-noticias","31":"tag-ultimasnoticias","32":"tag-vida-consagrada","33":"tag-world","34":"tag-world-news","35":"tag-worldnews"},"share_on_mastodon":{"url":"","error":""},"_links":{"self":[{"href":"https:\/\/www.europesays.com\/pt\/wp-json\/wp\/v2\/posts\/103637","targetHints":{"allow":["GET"]}}],"collection":[{"href":"https:\/\/www.europesays.com\/pt\/wp-json\/wp\/v2\/posts"}],"about":[{"href":"https:\/\/www.europesays.com\/pt\/wp-json\/wp\/v2\/types\/post"}],"author":[{"embeddable":true,"href":"https:\/\/www.europesays.com\/pt\/wp-json\/wp\/v2\/users\/2"}],"replies":[{"embeddable":true,"href":"https:\/\/www.europesays.com\/pt\/wp-json\/wp\/v2\/comments?post=103637"}],"version-history":[{"count":0,"href":"https:\/\/www.europesays.com\/pt\/wp-json\/wp\/v2\/posts\/103637\/revisions"}],"wp:featuredmedia":[{"embeddable":true,"href":"https:\/\/www.europesays.com\/pt\/wp-json\/wp\/v2\/media\/103638"}],"wp:attachment":[{"href":"https:\/\/www.europesays.com\/pt\/wp-json\/wp\/v2\/media?parent=103637"}],"wp:term":[{"taxonomy":"category","embeddable":true,"href":"https:\/\/www.europesays.com\/pt\/wp-json\/wp\/v2\/categories?post=103637"},{"taxonomy":"post_tag","embeddable":true,"href":"https:\/\/www.europesays.com\/pt\/wp-json\/wp\/v2\/tags?post=103637"}],"curies":[{"name":"wp","href":"https:\/\/api.w.org\/{rel}","templated":true}]}}