{"id":103657,"date":"2025-10-09T15:44:06","date_gmt":"2025-10-09T15:44:06","guid":{"rendered":"https:\/\/www.europesays.com\/pt\/103657\/"},"modified":"2025-10-09T15:44:06","modified_gmt":"2025-10-09T15:44:06","slug":"a-minha-amiga-de-infancia-magga-stina-foi-raptada-pelo-exercito-de-israel-o-apelo-de-bjork","status":"publish","type":"post","link":"https:\/\/www.europesays.com\/pt\/103657\/","title":{"rendered":"\u201cA minha amiga de inf\u00e2ncia, Magga Stina, foi raptada pelo ex\u00e9rcito de Israel\u201d: o apelo de Bj\u00f6rk"},"content":{"rendered":"<p>Bj\u00f6rk revelou que uma amiga sua de inf\u00e2ncia, Magga St\u00edna, foi \u201craptada\u201d pelo ex\u00e9rcito israelita durante uma miss\u00e3o humanit\u00e1ria com destino a Gaza.<\/p>\n<p><strong>\u201cEla estava num barco, a seguir a Greta Thunberg\u201d<\/strong>, escreveu a artista islandesa no Instagram. \u201cAcredito que o ativismo \u00e9 t\u00e3o diversificado como os seres humanos. Apoio-as na sua demanda de parar o genoc\u00eddio na Palestina. \u00c9 ilegal deixar pessoas morrer \u00e0 fome e impedir que haja comida a chegar a crian\u00e7as\u201d.<\/p>\n<p>Bj\u00f6rk deu ainda como exemplo o seu pr\u00f3prio pa\u00eds, \u201cque durante 600 anos foi uma col\u00f3nia\u201d. <strong>\u201cSabemos o que significa ser oprimido. Apesar de sermos poucos, a nossa voz importa. Podemos continuar a dar um exemplo de coragem e representar a paz\u201d<\/strong>, afirmou.<\/p>\n<p>Em setembro, a artista juntou-se ao boicote \u201cNo Music For Genocide\u201d, impedindo que a sua m\u00fasica pudesse ser escutada no estado de Israel, via streaming.<\/p>\n","protected":false},"excerpt":{"rendered":"Bj\u00f6rk revelou que uma amiga sua de inf\u00e2ncia, Magga St\u00edna, foi \u201craptada\u201d pelo ex\u00e9rcito israelita durante uma miss\u00e3o&hellip;\n","protected":false},"author":2,"featured_media":103658,"comment_status":"","ping_status":"","sticky":false,"template":"","format":"standard","meta":{"footnotes":""},"categories":[50],"tags":[27,28,15,16,14,25,26,21,22,62,12,13,19,20,23,24,17,18,29,30,31,63,64,65],"class_list":{"0":"post-103657","1":"post","2":"type-post","3":"status-publish","4":"format-standard","5":"has-post-thumbnail","7":"category-mundo","8":"tag-breaking-news","9":"tag-breakingnews","10":"tag-featured-news","11":"tag-featurednews","12":"tag-headlines","13":"tag-latest-news","14":"tag-latestnews","15":"tag-main-news","16":"tag-mainnews","17":"tag-mundo","18":"tag-news","19":"tag-noticias","20":"tag-noticias-principais","21":"tag-noticiasprincipais","22":"tag-principais-noticias","23":"tag-principaisnoticias","24":"tag-top-stories","25":"tag-topstories","26":"tag-ultimas","27":"tag-ultimas-noticias","28":"tag-ultimasnoticias","29":"tag-world","30":"tag-world-news","31":"tag-worldnews"},"share_on_mastodon":{"url":"","error":""},"_links":{"self":[{"href":"https:\/\/www.europesays.com\/pt\/wp-json\/wp\/v2\/posts\/103657","targetHints":{"allow":["GET"]}}],"collection":[{"href":"https:\/\/www.europesays.com\/pt\/wp-json\/wp\/v2\/posts"}],"about":[{"href":"https:\/\/www.europesays.com\/pt\/wp-json\/wp\/v2\/types\/post"}],"author":[{"embeddable":true,"href":"https:\/\/www.europesays.com\/pt\/wp-json\/wp\/v2\/users\/2"}],"replies":[{"embeddable":true,"href":"https:\/\/www.europesays.com\/pt\/wp-json\/wp\/v2\/comments?post=103657"}],"version-history":[{"count":0,"href":"https:\/\/www.europesays.com\/pt\/wp-json\/wp\/v2\/posts\/103657\/revisions"}],"wp:featuredmedia":[{"embeddable":true,"href":"https:\/\/www.europesays.com\/pt\/wp-json\/wp\/v2\/media\/103658"}],"wp:attachment":[{"href":"https:\/\/www.europesays.com\/pt\/wp-json\/wp\/v2\/media?parent=103657"}],"wp:term":[{"taxonomy":"category","embeddable":true,"href":"https:\/\/www.europesays.com\/pt\/wp-json\/wp\/v2\/categories?post=103657"},{"taxonomy":"post_tag","embeddable":true,"href":"https:\/\/www.europesays.com\/pt\/wp-json\/wp\/v2\/tags?post=103657"}],"curies":[{"name":"wp","href":"https:\/\/api.w.org\/{rel}","templated":true}]}}