{"id":103659,"date":"2025-10-09T15:45:27","date_gmt":"2025-10-09T15:45:27","guid":{"rendered":"https:\/\/www.europesays.com\/pt\/103659\/"},"modified":"2025-10-09T15:45:27","modified_gmt":"2025-10-09T15:45:27","slug":"obras-na-ponte-25-de-abril-vao-afetar-o-transito-em-lisboa-a-partir-desta-quinta-feira-dia-9-de-outubro","status":"publish","type":"post","link":"https:\/\/www.europesays.com\/pt\/103659\/","title":{"rendered":"Obras na ponte 25 de Abril v\u00e3o afetar o tr\u00e2nsito em Lisboa a partir desta quinta-feira, dia 9 de outubro"},"content":{"rendered":"<p> <img decoding=\"async\" fetchpriority=\"high\" src=\"https:\/\/www.europesays.com\/pt\/wp-content\/uploads\/2025\/10\/obras-na-ponte-25-de-abril-vao-afetar-o-transito-em-lisboa-a-partir-desta-quinta-feira-1759855496172.jpeg\"  width=\"768\" height=\"432\" alt=\"Ponte 25 de Abril\" title=\"Ponte 25 de Abril\" data-image=\"npaoi81r41o1\"\/>Prepare-se para a confus\u00e3o. Foto: Unsplash   <img decoding=\"async\" fetchpriority=\"high\" src=\"https:\/\/www.europesays.com\/pt\/wp-content\/uploads\/2025\/08\/1756667111_833_rita-caeiro.jpg\" alt=\"Rita Caeiro\" width=\"40\" height=\"40\"\/>    <a class=\"nombre text-hv\" href=\"https:\/\/www.tempo.pt\/autor\/rita-caeiro\/\" title=\"Rita Caeiro\" rel=\"nofollow noopener\" target=\"_blank\">Rita Caeiro<\/a>       08\/10\/2025 09:02   5 min   <\/p>\n<p>A partir da noite de quinta-feira, <strong>9 de outubro<\/strong>, um conjunto de interven\u00e7\u00f5es de pavimenta\u00e7\u00e3o vai<strong> transformar a rotina noturna da Ponte 25 de Abril<\/strong>. Se costuma fazer este percurso, preste bem aten\u00e7\u00e3o: entre os dias \u00fateis e dentro do hor\u00e1rio das 21:00 \u00e0s 6:00 horas, o tr\u00e2nsito ficar\u00e1 sujeito a condicionamentos que amea\u00e7am agitar quem atravessa o Tejo com frequ\u00eancia. <strong>Esta condicionante manter-se-\u00e1 at\u00e9 5 de novembro<\/strong>. <\/p>\n<p>A respons\u00e1vel por esta \u201crevisita\u201d ao tabuleiro \u00e9 a Lusoponte, que gere tamb\u00e9m a Ponte Vasco da Gama. A empresa justifica a a\u00e7\u00e3o como parte de um <strong>programa de manuten\u00e7\u00e3o regular<\/strong>, evitando que o desgaste acumulado se torne num problema bem maior no futuro. A mesma salienta ainda que o hor\u00e1rio escolhido pretende minimizar os transtornos nos momentos de maior circula\u00e7\u00e3o. <\/p>\n<p>Interessa referir que os condicionamentos aplicam-se nos dois sentidos da circula\u00e7\u00e3o e apenas durante a madrugada e noite dos dias \u00fateis. <\/p>\n<p>Ou seja: se costuma atravessar a ponte nesse per\u00edodo, conv\u00e9m repensar o plano. A Lusoponte sugere que, durante essas horas, a <strong>Ponte Vasco da Gama seja usada como alternativa<\/strong> \u2014 embora tamb\u00e9m possa sofrer \u201cpress\u00e3o extra\u201d de tr\u00e1fego. <\/p>\n<p><a class=\"imagen \" href=\"https:\/\/www.tempo.pt\/noticias\/actualidade\/apos-acidente-carris-lanca-alternativa-ecologica-no-centro-historico-de-lisboa-com-mini-autocarros.html\" title=\"Ap\u00f3s acidente, CARRIS lan\u00e7a alternativa ecol\u00f3gica no centro hist\u00f3rico de Lisboa com mini autocarros\" rel=\"nofollow noopener\" target=\"_blank\"><img loading=\"lazy\" decoding=\"async\" fetchpriority=\"low\" class=\"lazy img-body non-editable\" src=\"https:\/\/www.europesays.com\/pt\/wp-content\/uploads\/2025\/10\/apos-acidente-carris-lanca-alternativa-ecologica-no-centro-historico-de-lisboa-com-mini-autocarros-1.jpeg\"  width=\"320\" height=\"225\" alt=\"Ap\u00f3s acidente, CARRIS lan\u00e7a alternativa ecol\u00f3gica no centro hist\u00f3rico de Lisboa com mini autocarros\"\/><\/a><\/p>\n<p>\u201cNo cumprimento do programa de manuten\u00e7\u00e3o de rotina, informa-se que entre os dias \u00fateis de 9 de outubro e 5 de novembro do corrente ano, a Lusoponte vai executar <strong>trabalhos de pavimenta\u00e7\u00e3o da ponte 25 de Abril<\/strong>\u201d, l\u00ea-se em an\u00fancio publicado esta ter\u00e7a-feira (7 de outubro) na imprensa portuguesa.<\/p>\n<p>Em comunicado, a Lusoponte agradeceu \u201ca melhor compreens\u00e3o para os eventuais inc\u00f3modos que esta interven\u00e7\u00e3o possa vir a causar\u201d.<\/p>\n<p>Porque \u00e9 que estas obras s\u00e3o necess\u00e1rias?<\/p>\n<p>A Ponte 25 de Abril n\u00e3o \u00e9 apenas um s\u00edmbolo arquitet\u00f3nico de Lisboa, \u00e9 uma <strong>art\u00e9ria essencial da circula\u00e7\u00e3o metropolitana<\/strong>. Com cerca de 2 277 metros de extens\u00e3o total e um v\u00e3o central livre de 1 013 metros, a sua estrutura suporta seis faixas rodovi\u00e1rias (tr\u00eas por sentido) no tabuleiro superior e duas linhas ferrovi\u00e1rias no inferior. <\/p>\n<p><img loading=\"lazy\" decoding=\"async\" fetchpriority=\"low\" class=\"lazy \" src=\"https:\/\/www.europesays.com\/pt\/wp-content\/uploads\/2025\/10\/obras-na-ponte-25-de-abril-vao-afetar-o-transito-em-lisboa-a-partir-desta-quinta-feira-1759855563482.jpeg\"  width=\"768\" height=\"432\" alt=\"Ponte 25 de Abril\" title=\"Ponte 25 de Abril\" data-image=\"3lwp00ydt8a0\"\/>Um s\u00edmbolo arquitet\u00f3nico. Foto: Unsplash<\/p>\n<p>Ao longo dos anos, os ve\u00edculos que a atravessam <strong>deixam marcas<\/strong>: fissuras subtis, desgaste de pavimento e fadiga de materiais exigem interven\u00e7\u00f5es peri\u00f3dicas.<\/p>\n<p>Nestes trabalhos, o objetivo principal \u00e9 refor\u00e7ar a superf\u00edcie rodovi\u00e1ria, corrigir ondula\u00e7\u00f5es,<strong> eliminar microfalhas<\/strong> antes que se agravem e restabelecer condi\u00e7\u00f5es seguras de circula\u00e7\u00e3o. <\/p>\n<p>A l\u00f3gica \u00e9 simples: uma ponte bem mantida evita repara\u00e7\u00f5es urgentes muito mais caras ou at\u00e9 interrup\u00e7\u00f5es inesperadas. \u00c9 preciso \u201cmexer agora para n\u00e3o ter de parar depois\u201d.<\/p>\n<p>Mesmo assim, sabemos que \u201cmanuten\u00e7\u00e3o de rotina\u201d soa melhor na teoria do que na pr\u00e1tica: <strong>quem atravessa cedo pela manh\u00e3 ou volta tarde vai sentir os efeitos<\/strong>. Por isso, a Lusoponte ressalta que essa escolha de hor\u00e1rio \u2014 entre as 21:00 e as 6:00 horas \u2014 foi pensada para que os impactos recaiam preferencialmente fora dos picos (e fora do dia de trabalho normal). <\/p>\n<p>Dicas para evitar surpresas: planeie desde j\u00e1<\/p>\n<p>Se circula habitualmente entre Lisboa e Almada (ou vice-versa) \u00e0 noite, este per\u00edodo obriga a alguma<strong> organiza\u00e7\u00e3o extra<\/strong>. Primeiro: sempre que poss\u00edvel, evite atravessar a ponte entre as 21:00 e 6:00 horas nos dias \u00fateis compreendidos entre 9 de outubro e 5 de novembro. Em alternativa, <strong>opte pela Ponte Vasco da Gama, mesmo sabendo que vai enfrentar mais fluxo<\/strong>, especialmente nos trechos de acesso.<\/p>\n<p><a class=\"imagen \" href=\"https:\/\/www.tempo.pt\/noticias\/actualidade\/um-segredo-bem-guardado-descubra-a-igreja-escondida-no-coracao-de-lisboa-em-que-ninguem-repara.html\" title=\"Um segredo bem guardado: descubra a igreja escondida no cora\u00e7\u00e3o de Lisboa em que ningu\u00e9m repara\" rel=\"nofollow noopener\" target=\"_blank\"><img loading=\"lazy\" decoding=\"async\" fetchpriority=\"low\" class=\"lazy img-body non-editable\" src=\"https:\/\/www.europesays.com\/pt\/wp-content\/uploads\/2025\/10\/um-segredo-bem-guardado-descubra-a-igreja-escondida-no-coracao-de-lisboa-em-que-ninguem-repara-17297.jpeg\"  width=\"320\" height=\"225\" alt=\"Um segredo bem guardado: descubra a igreja escondida no cora\u00e7\u00e3o de Lisboa em que ningu\u00e9m repara\"\/><\/a><\/p>\n<p>\u00c9 importante <strong>acompanhar alertas de tr\u00e2nsito em tempo real<\/strong>: aplica\u00e7\u00f5es como Waze, Google Maps ou similares poder\u00e3o mostrar desvios, bloqueios ou mesmo as noites mais problem\u00e1ticas \u00e0 medida que as obras avan\u00e7arem. Se tiver flexibilidade de hor\u00e1rio, sair 10 ou 15 minutos mais cedo (ou mais tarde) pode fazer toda a diferen\u00e7a \u2014 evitar\u00e1 stress desnecess\u00e1rio.<\/p>\n<p>Outro aspeto: as fases da obra podem variar. Em algumas noites, os <strong>condicionamentos ser\u00e3o mais intensos ou parciais<\/strong> \u2014 por vezes com desvios ou bloqueios moment\u00e2neos \u2014 dependendo do trecho em que se trabalhe. Por isso, estar atento a comunicados da Lusoponte ou da autarquia pode prevenir surpresas desagrad\u00e1veis.<\/p>\n","protected":false},"excerpt":{"rendered":"Prepare-se para a confus\u00e3o. Foto: Unsplash Rita Caeiro 08\/10\/2025 09:02 5 min A partir da noite de quinta-feira,&hellip;\n","protected":false},"author":2,"featured_media":103660,"comment_status":"","ping_status":"","sticky":false,"template":"","format":"standard","meta":{"footnotes":""},"categories":[10],"tags":[27,28,3981,15,16,14,25,26,797,21,22,12,1133,13,19,20,25078,23058,7302,32,23,24,5343,33,3284,17,18,25079,11669,29,30,31],"class_list":{"0":"post-103659","1":"post","2":"type-post","3":"status-publish","4":"format-standard","5":"has-post-thumbnail","7":"category-portugal","8":"tag-breaking-news","9":"tag-breakingnews","10":"tag-carro","11":"tag-featured-news","12":"tag-featurednews","13":"tag-headlines","14":"tag-latest-news","15":"tag-latestnews","16":"tag-lisboa","17":"tag-main-news","18":"tag-mainnews","19":"tag-news","20":"tag-noticia","21":"tag-noticias","22":"tag-noticias-principais","23":"tag-noticiasprincipais","24":"tag-novembro","25":"tag-outubro","26":"tag-ponte","27":"tag-portugal","28":"tag-principais-noticias","29":"tag-principaisnoticias","30":"tag-problemas","31":"tag-pt","32":"tag-sul","33":"tag-top-stories","34":"tag-topstories","35":"tag-trafego","36":"tag-transito","37":"tag-ultimas","38":"tag-ultimas-noticias","39":"tag-ultimasnoticias"},"share_on_mastodon":{"url":"","error":""},"_links":{"self":[{"href":"https:\/\/www.europesays.com\/pt\/wp-json\/wp\/v2\/posts\/103659","targetHints":{"allow":["GET"]}}],"collection":[{"href":"https:\/\/www.europesays.com\/pt\/wp-json\/wp\/v2\/posts"}],"about":[{"href":"https:\/\/www.europesays.com\/pt\/wp-json\/wp\/v2\/types\/post"}],"author":[{"embeddable":true,"href":"https:\/\/www.europesays.com\/pt\/wp-json\/wp\/v2\/users\/2"}],"replies":[{"embeddable":true,"href":"https:\/\/www.europesays.com\/pt\/wp-json\/wp\/v2\/comments?post=103659"}],"version-history":[{"count":0,"href":"https:\/\/www.europesays.com\/pt\/wp-json\/wp\/v2\/posts\/103659\/revisions"}],"wp:featuredmedia":[{"embeddable":true,"href":"https:\/\/www.europesays.com\/pt\/wp-json\/wp\/v2\/media\/103660"}],"wp:attachment":[{"href":"https:\/\/www.europesays.com\/pt\/wp-json\/wp\/v2\/media?parent=103659"}],"wp:term":[{"taxonomy":"category","embeddable":true,"href":"https:\/\/www.europesays.com\/pt\/wp-json\/wp\/v2\/categories?post=103659"},{"taxonomy":"post_tag","embeddable":true,"href":"https:\/\/www.europesays.com\/pt\/wp-json\/wp\/v2\/tags?post=103659"}],"curies":[{"name":"wp","href":"https:\/\/api.w.org\/{rel}","templated":true}]}}