{"id":103661,"date":"2025-10-09T15:46:18","date_gmt":"2025-10-09T15:46:18","guid":{"rendered":"https:\/\/www.europesays.com\/pt\/103661\/"},"modified":"2025-10-09T15:46:18","modified_gmt":"2025-10-09T15:46:18","slug":"escaloes-de-irs-atualizados-em-351-abaixo-do-crescimento-esperado-dos-salarios-veja-a-futura-tabela-de-irs","status":"publish","type":"post","link":"https:\/\/www.europesays.com\/pt\/103661\/","title":{"rendered":"Escal\u00f5es de IRS atualizados em 3,51%, abaixo do crescimento esperado dos sal\u00e1rios: veja a futura tabela de IRS"},"content":{"rendered":"<p>O Governo n\u00e3o se desvia do gui\u00e3o que estava tra\u00e7ado e, para o ano, quer <strong>atualizar os escal\u00f5es de IRS em 3,51% e baixar em 0,3 pontos percentuais as taxas entre o segundo o quinto escal\u00f5es de imposto<\/strong>. A atualiza\u00e7\u00e3o dos escal\u00f5es fica aqu\u00e9m dos 4,6% aplicados este ano e que correspondem ao aumento m\u00e9dio de sal\u00e1rios acordados com os parceiros sociais, para aplicar at\u00e9 2028. A redu\u00e7\u00e3o de taxas segue o que j\u00e1 tinha sido acordado com o Chega. Sal\u00e1rios at\u00e9 920 euros, o valor do sal\u00e1rio m\u00ednimo, n\u00e3o pagam IRS, como esperado, refere a proposta do <a href=\"https:\/\/expresso.pt\/orcamento-do-estado\/orcamento-do-estado-2026\" target=\"_blank\" rel=\"noopener noreferrer nofollow\">Or\u00e7amento do Estado para 2026<\/a> entrege esta quinta-feira no Parlamento.<\/p>\n<p><a href=\"https:\/\/expresso.pt\/subscrever?action=GEN&amp;channel=VID&amp;type=CAP&amp;source=WEB&amp;returnUrl=https:\/\/expresso.pt\/orcamento-do-estado\/orcamento-do-estado-2026\/2025-10-09-escaloes-de-irs-atualizados-em-351-abaixo-do-crescimento-esperado-dos-salarios-veja-a-futura-tabela-de-irs-20c68ce5&amp;utm_source=expresso&amp;utm_medium=locked_article&amp;locked=true&amp;article_id=72770a56-3db7-4f1d-909b-bd647f753107&amp;author_id=Elisabete+Miranda&amp;category=Or\u00e7amento+do+Estado+2026\" target=\"_self\" class=\"\" rel=\"nofollow noopener\">Subscrever<\/a>J\u00e1 \u00e9 Subscritor?Fa\u00e7a login e continue a ler<a href=\"http:\/\/expresso.pt\/codigo?redirectUrl=https:\/\/expresso.pt\/orcamento-do-estado\/orcamento-do-estado-2026\/2025-10-09-escaloes-de-irs-atualizados-em-351-abaixo-do-crescimento-esperado-dos-salarios-veja-a-futura-tabela-de-irs-20c68ce5\" target=\"_self\" class=\"\" rel=\"nofollow noopener\">Inserir C\u00f3digo<\/a>Comprou o Expresso?Insira o c\u00f3digo presente na Revista E para continuar a ler<\/p>\n","protected":false},"excerpt":{"rendered":"O Governo n\u00e3o se desvia do gui\u00e3o que estava tra\u00e7ado e, para o ano, quer atualizar os escal\u00f5es&hellip;\n","protected":false},"author":2,"featured_media":103662,"comment_status":"","ping_status":"","sticky":false,"template":"","format":"standard","meta":{"footnotes":""},"categories":[8],"tags":[27,28,15,16,14,25,26,21,22,12,13,19,20,32,23,24,33,17,18,29,30,31],"class_list":{"0":"post-103661","1":"post","2":"type-post","3":"status-publish","4":"format-standard","5":"has-post-thumbnail","7":"category-principais-noticias","8":"tag-breaking-news","9":"tag-breakingnews","10":"tag-featured-news","11":"tag-featurednews","12":"tag-headlines","13":"tag-latest-news","14":"tag-latestnews","15":"tag-main-news","16":"tag-mainnews","17":"tag-news","18":"tag-noticias","19":"tag-noticias-principais","20":"tag-noticiasprincipais","21":"tag-portugal","22":"tag-principais-noticias","23":"tag-principaisnoticias","24":"tag-pt","25":"tag-top-stories","26":"tag-topstories","27":"tag-ultimas","28":"tag-ultimas-noticias","29":"tag-ultimasnoticias"},"share_on_mastodon":{"url":"","error":""},"_links":{"self":[{"href":"https:\/\/www.europesays.com\/pt\/wp-json\/wp\/v2\/posts\/103661","targetHints":{"allow":["GET"]}}],"collection":[{"href":"https:\/\/www.europesays.com\/pt\/wp-json\/wp\/v2\/posts"}],"about":[{"href":"https:\/\/www.europesays.com\/pt\/wp-json\/wp\/v2\/types\/post"}],"author":[{"embeddable":true,"href":"https:\/\/www.europesays.com\/pt\/wp-json\/wp\/v2\/users\/2"}],"replies":[{"embeddable":true,"href":"https:\/\/www.europesays.com\/pt\/wp-json\/wp\/v2\/comments?post=103661"}],"version-history":[{"count":0,"href":"https:\/\/www.europesays.com\/pt\/wp-json\/wp\/v2\/posts\/103661\/revisions"}],"wp:featuredmedia":[{"embeddable":true,"href":"https:\/\/www.europesays.com\/pt\/wp-json\/wp\/v2\/media\/103662"}],"wp:attachment":[{"href":"https:\/\/www.europesays.com\/pt\/wp-json\/wp\/v2\/media?parent=103661"}],"wp:term":[{"taxonomy":"category","embeddable":true,"href":"https:\/\/www.europesays.com\/pt\/wp-json\/wp\/v2\/categories?post=103661"},{"taxonomy":"post_tag","embeddable":true,"href":"https:\/\/www.europesays.com\/pt\/wp-json\/wp\/v2\/tags?post=103661"}],"curies":[{"name":"wp","href":"https:\/\/api.w.org\/{rel}","templated":true}]}}