{"id":103670,"date":"2025-10-09T15:52:07","date_gmt":"2025-10-09T15:52:07","guid":{"rendered":"https:\/\/www.europesays.com\/pt\/103670\/"},"modified":"2025-10-09T15:52:07","modified_gmt":"2025-10-09T15:52:07","slug":"sexta-feira-13-e-hora-do-pesadelo","status":"publish","type":"post","link":"https:\/\/www.europesays.com\/pt\/103670\/","title":{"rendered":"Sexta-Feira 13 e Hora do Pesadelo"},"content":{"rendered":"<p>A\u00a0<strong>Blumhouse\u00a0<\/strong>revelou seu desejo de fazer novos filmes para as franquias\u00a0<strong>Sexta-Feira 13<\/strong>\u00a0e\u00a0<strong>A Hora do Pesadelo<\/strong>. A informa\u00e7\u00e3o foi confirmada por\u00a0<strong>Jason Blum\u00a0<\/strong>em entrevista \u00e0\u00a0<a href=\"https:\/\/variety.com\/2025\/film\/features\/jason-blum-blumhouse-interview-1236542196\/\" rel=\"nofollow noopener\" target=\"_blank\">Variety<\/a>.<\/p>\n<p>&#8220;Essas s\u00e3o minhas duas baleias brancas&#8221;, disse o produtor ao ser perguntado sobre quais filmes gostaria de fazer. &#8220;Estamos sempre pechinchando. Eu os procuro todos os dias. Nunca desistirei da busca. E se elas fizerem uma sem mim, vou atr\u00e1s do pr\u00f3ximo filme&#8221;, concluiu.<\/p>\n<p><strong>Tudo sobre o universo\u00a0Sexta-Feira 13<\/strong><\/p>\n<p>Linda Cardellini\u00a0vai protagonizar\u00a0Crystal Lake, um drama passado antes dos acontecimentos que deram in\u00edcio \u00e0 franquia de terror.<\/p>\n<p>A atriz ser\u00e1 Pamela Voorhees, a m\u00e3e do assassino imortal Jason Voorhees (e a pessoa respons\u00e1vel pelos assassinatos no filme original de 1980).<\/p>\n<p>Callum Vinson\u00a0(Chucky) foi o escolhido para viver a vers\u00e3o jovem do ic\u00f4nico vil\u00e3o.\u00a0Os detalhes da trama est\u00e3o a ser mantidos em segredo por enquanto.<\/p>\n<p>Crystal Lake\u00a0est\u00e1 em desenvolvimento h\u00e1 algum tempo. A\u00a0Peacock\u00a0encomendou a s\u00e9rie em 2022 e na \u00e9poca tinha\u00a0Bryan Fuller\u00a0(Hannibal) como\u00a0showrunner.\u00a0O cancelamento foi decis\u00e3o de\u00a0Ravi Nandan\u00a0e\u00a0Sam French, chefes de televis\u00e3o da A24, que demitiram o showrunner\u00a0Fuller\u00a0e\u00a0Jim Danger Gray,\u00a0dias depois de uma reuni\u00e3o com em que os executivos da plataforma de streaming elogiaram a vis\u00e3o dos roteiristas para a s\u00e9rie.<\/p>\n<p>De acordo com o relato de v\u00e1rias fontes da produ\u00e7\u00e3o, entrevistadas pelo The Wrap, os executivos da A24 n\u00e3o acreditavam na vis\u00e3o de Fuller e Gray, que propuseram reimaginar os quatro primeiros filmes da saga\u00a0Sexta-Feira 13\u00a0na nova s\u00e9rie &#8211; um longa por temporada.<\/p>\n<p>O ve\u00edculo relatava ainda que os est\u00fadios j\u00e1 tinham contratado diretores (Kimberly Peirce\u00a0e\u00a0Vincenzo Natali), roteiristas (Kevin Williamson) e outros membros da equipe de bastidores para trabalhar nos epis\u00f3dios da primeira temporada, al\u00e9m de ter desembolsado US$ 300 mil para reservar est\u00fadios no Canad\u00e1 para uma filmagem de oito meses.<\/p>\n<p>Brad Caleb Kane\u00a0(It: Bem-Vindo a Derry) entrou para a s\u00e9rie em agosto de 2024 e \u00e9 creditado como criador, escritor e showrunner, sugerindo que o material em que Fuller e outros escritores trabalharam n\u00e3o ser\u00e1 utilizado.<\/p>\n<p>Ainda n\u00e3o h\u00e1 previs\u00e3o de estreia para\u00a0Crystal Lake. A produ\u00e7\u00e3o \u00e9 do Peacock, um streaming que n\u00e3o existe no Brasil, ent\u00e3o seu lan\u00e7amento aqui deve ocorrer por outra plataforma.<\/p>\n","protected":false},"excerpt":{"rendered":"A\u00a0Blumhouse\u00a0revelou seu desejo de fazer novos filmes para as franquias\u00a0Sexta-Feira 13\u00a0e\u00a0A Hora do Pesadelo. A informa\u00e7\u00e3o foi confirmada&hellip;\n","protected":false},"author":2,"featured_media":103671,"comment_status":"","ping_status":"","sticky":false,"template":"","format":"standard","meta":{"footnotes":""},"categories":[140],"tags":[114,115,147,148,146,32,33],"class_list":{"0":"post-103670","1":"post","2":"type-post","3":"status-publish","4":"format-standard","5":"has-post-thumbnail","7":"category-filmes","8":"tag-entertainment","9":"tag-entretenimento","10":"tag-film","11":"tag-filmes","12":"tag-movies","13":"tag-portugal","14":"tag-pt"},"share_on_mastodon":{"url":"","error":""},"_links":{"self":[{"href":"https:\/\/www.europesays.com\/pt\/wp-json\/wp\/v2\/posts\/103670","targetHints":{"allow":["GET"]}}],"collection":[{"href":"https:\/\/www.europesays.com\/pt\/wp-json\/wp\/v2\/posts"}],"about":[{"href":"https:\/\/www.europesays.com\/pt\/wp-json\/wp\/v2\/types\/post"}],"author":[{"embeddable":true,"href":"https:\/\/www.europesays.com\/pt\/wp-json\/wp\/v2\/users\/2"}],"replies":[{"embeddable":true,"href":"https:\/\/www.europesays.com\/pt\/wp-json\/wp\/v2\/comments?post=103670"}],"version-history":[{"count":0,"href":"https:\/\/www.europesays.com\/pt\/wp-json\/wp\/v2\/posts\/103670\/revisions"}],"wp:featuredmedia":[{"embeddable":true,"href":"https:\/\/www.europesays.com\/pt\/wp-json\/wp\/v2\/media\/103671"}],"wp:attachment":[{"href":"https:\/\/www.europesays.com\/pt\/wp-json\/wp\/v2\/media?parent=103670"}],"wp:term":[{"taxonomy":"category","embeddable":true,"href":"https:\/\/www.europesays.com\/pt\/wp-json\/wp\/v2\/categories?post=103670"},{"taxonomy":"post_tag","embeddable":true,"href":"https:\/\/www.europesays.com\/pt\/wp-json\/wp\/v2\/tags?post=103670"}],"curies":[{"name":"wp","href":"https:\/\/api.w.org\/{rel}","templated":true}]}}