{"id":103696,"date":"2025-10-09T16:06:10","date_gmt":"2025-10-09T16:06:10","guid":{"rendered":"https:\/\/www.europesays.com\/pt\/103696\/"},"modified":"2025-10-09T16:06:10","modified_gmt":"2025-10-09T16:06:10","slug":"cinema-depois-da-cacada-e-tron-ares-estreiam-em-sp-08-10-2025-cinema","status":"publish","type":"post","link":"https:\/\/www.europesays.com\/pt\/103696\/","title":{"rendered":"Cinema: &#8216;Depois da Ca\u00e7ada&#8217; e &#8216;Tron: Ares&#8217; estreiam em SP &#8211; 08\/10\/2025 &#8211; Cinema"},"content":{"rendered":"<p>Onze filmes entram em cartaz nos cinemas de <a href=\"https:\/\/www1.folha.uol.com.br\/folha-topicos\/sao-paulo\/\" rel=\"nofollow noopener\" target=\"_blank\">S\u00e3o Paulo<\/a> nesta semana. Entre eles est\u00e1 &#8220;Tron: Ares&#8221;, longa da Disney com Jared Leto, Greta Lee e Evan Peters no elenco. Tamb\u00e9m chegam \u00e0s telonas &#8220;Depois da Ca\u00e7ada&#8221;, com <a href=\"https:\/\/www1.folha.uol.com.br\/folha-topicos\/julia-roberts\/\" rel=\"nofollow noopener\" target=\"_blank\">Julia Roberts<\/a>, <a href=\"https:\/\/www1.folha.uol.com.br\/ilustrada\/2025\/03\/ayo-edebiri-recebeu-ameacas-de-morte-apos-fake-news-divulgada-por-elon-musk.shtml\" rel=\"nofollow noopener\" target=\"\">Ayo Edebiri<\/a> e <a href=\"https:\/\/www1.folha.uol.com.br\/folha-topicos\/andrew-garfield\/\" rel=\"nofollow noopener\" target=\"_blank\">Andrew Garfield<\/a>, e &#8220;Perrengue Fashion&#8221;, longa nacional com <a href=\"https:\/\/f5.folha.uol.com.br\/celebridades\/2025\/10\/meu-maior-medo-e-ter-um-piripaque-de-saude-diz-ingrid-guimaraes.shtml\" rel=\"nofollow noopener\" target=\"\">Ingrid Guimar\u00e3es<\/a>.<\/p>\n<p>Veja a seguir a agenda de <a href=\"https:\/\/www1.folha.uol.com.br\/folha-topicos\/cinema\/\" rel=\"nofollow noopener\" target=\"_blank\">cinema<\/a> da capital paulista.<\/p>\n<p><b>Bia Mais Um<\/b><br \/>&#13;<br \/>\nBrasil, 2021. Dir.: Wellington Sari. Com: Gabrielle Pizzato, Gustavo Piaskoski e Ivo M\u00fcller. 71 min. 12 anos<br \/>&#13;<br \/>\nAos 17 anos, Bia descobre uma gravidez inesperada. Morando no exterior, ela fica dividida entre a intensidade de um novo romance e a dura realidade que a for\u00e7a a um amadurecimento precoce.<\/p>\n<p><b>Casa de Dinamite<\/b><br \/>&#13;<br \/>\nA House of Dynamite. EUA, 2025. Dir.: Kathryn Bigelow. Com: Idris Elba, Rebecca Ferguson e Gabriel Basso. 112 min. 16 anos<br \/>&#13;<br \/>\nAp\u00f3s um ataque de m\u00edssil de origem desconhecida contra os Estados Unidos, come\u00e7a uma corrida contra o tempo para identificar os respons\u00e1veis e formular uma retalia\u00e7\u00e3o.<\/p>\n<p><b>A Casa M\u00e1gica da Gabby<\/b><br \/>&#13;<br \/>\nGabby\u2019s Dollhouse &#8211; The Movie. EUA\/Canad\u00e1, 2025. Dir.: Ryan Crego. Com: Laila Lockhart Kraner, Gloria Estefan e Tina Ukwu. 98 min. Livre<br \/>&#13;<br \/>\nGabby e sua av\u00f3, Gigi, viajam de carro para Cat Francisco. Mas, quando a casa de bonecas de Gabby se perde e vai parar com Vera, uma senhora que adora gatos, ela precisa ir ao mundo real para encontrar seus Gabby Cats.<\/p>\n<p><strong><a href=\"https:\/\/www1.folha.uol.com.br\/ilustrada\/2025\/10\/depois-da-cacada-e-um-guadagnino-medio-por-suas-reviravoltas-inuteis.shtml\" rel=\"nofollow noopener\" target=\"\">Depois da <\/a><\/strong><a href=\"https:\/\/www1.folha.uol.com.br\/ilustrada\/2025\/10\/depois-da-cacada-e-um-guadagnino-medio-por-suas-reviravoltas-inuteis.shtml\" rel=\"nofollow noopener\" target=\"\"><strong>Ca\u00e7ada<\/strong><\/a><br \/>&#13;<br \/>\nAfter the Hunt. EUA\/It\u00e1lia, 2025. Dir.: Luca Guadagnino. Com: Julia Roberts, Ayo Edebiri e Andrew Garfield. 139 min. 16 anos<br \/>&#13;<br \/>\nA vida de uma professora universit\u00e1ria (Julia Roberts) muda completamente quando sua aluna brilhante (Ayo Edebiri) faz uma grave acusa\u00e7\u00e3o contra um colega do departamento (Andrew Garfield). A den\u00fancia acaba revelando um segredo sombrio do passado da professora.<\/p>\n<p><b>Espiral<\/b><br \/>&#13;<br \/>\nBrasil, 2025. Dir.: Leonardo Peixoto. Com: Gutto Szuster, Renata de L\u00e9lis e Marcos Verza. 90 min. Livre<br \/>&#13;<br \/>\nAcompanha a saga de uma fam\u00edlia de Novo Hamburgo (RS) ao longo de tr\u00eas d\u00e9cadas, entrela\u00e7ada com a hist\u00f3ria da ind\u00fastria de cal\u00e7ado da cidade.<\/p>\n<p><b>Perrengue Fashion <\/b><br \/>&#13;<br \/>\nBrasil, 2025. Dir.: Fl\u00e1via Lacerda. Com: Ingrid Guimar\u00e3es, Filipe Bragan\u00e7a e Rafa Chalub. 94 min. 14 anos<br \/>&#13;<br \/>\nPaula (Ingrid Guimar\u00e3es), influenciadora de moda, \u00e9 convidada para estrelar uma campanha de Dia das M\u00e3es ao lado do filho, Cadu. No entanto, o jovem decide abandonar tudo e partir para o Amazonas. Determinada, Paula viaja at\u00e9 l\u00e1 para tentar convenc\u00ea-lo a retomar a carreira.<\/p>\n<p><b>Praia do Sil\u00eancio<\/b><br \/>&#13;<br \/>\nBrasil, 2022. Dir.: Francisco Garcia. Com: Andr\u00e9 Gatti e Ana Abbott. 74 mi. 16 anos<br \/>&#13;<br \/>\nVinte anos depois de abandonar a fam\u00edlia, um professor aposentado \u00e9 confrontado pelo fantasma de sua filha com defici\u00eancia auditiva, que retorna para anunciar a morte da m\u00e3e.<\/p>\n<p>    Para Curtir SP<\/p>\n<p class=\"c-newsletter__subtitle\">Receba no seu email um guia com a programa\u00e7\u00e3o cultural da capital paulista<\/p>\n<p><b style=\"font-size: 1em; text-align: inherit;\">Ru\u00eddos<\/b><br \/>&#13;<br \/>\nNoise. Coreia do Sul, 2024. Dir.: Kim Soo-jin. Com: Lee Sun-bin, Han Soo-a e Kim Min-Seok. 95 min. 16 anos<br \/>&#13;<br \/>\nA jovem Ju-young, que \u00e9 surda, decide investigar o misterioso desaparecimento da irm\u00e3, vista pela \u00faltima vez em seu apartamento. Conforme avan\u00e7a na busca, ela come\u00e7a a ouvir ecos inquietantes e a sentir uma presen\u00e7a sombria.<\/p>\n<p><b>Totto-Chan: a Menina na Janela<\/b><br \/>&#13;<br \/>\nMadogiwa No Totto-Chan. Jap\u00e3o, 2023. Dir.: Shinnosuke Yakuwa. 114 min. 10 anos<br \/>&#13;<br \/>\nA anima\u00e7\u00e3o retrata Totto-chan, uma menina cheia de energia que \u00e9 expulsa da escola por ser considerada problem\u00e1tica. Algum tempo depois, ela passa a estudar em uma institui\u00e7\u00e3o com um m\u00e9todo de ensino fora do comum.<\/p>\n<p><b>Tron: Ares <\/b><br \/>&#13;<br \/>\nTron: Ares. EUA, 2025. Dir.: Joachim Ronning. Com: Jared Leto, Greta Lee e Evan Peters. 110 min. 12 anos<br \/>&#13;<br \/>\nAres, um avan\u00e7ado sistema de intelig\u00eancia artificial, \u00e9 trazido do mundo digital para tentar resolver os grandes problemas da humanidade. O evento marca o primeiro contato entre humanos e uma IA consciente. \u00c0 medida em que enfrenta os desafios do mundo real, Ares come\u00e7a a questionar seu prop\u00f3sito.<\/p>\n<p><b>O \u00daltimo Epis\u00f3dio<\/b><br \/>&#13;<br \/>\nBrasil, 2025. Dir.: Maurilio Martins. Com: Matheus Sampaio, Daniel Victor e Tatiana Costa. 112 min. 12 anos<br \/>&#13;<br \/>\nApaixonado por Sheila, Erik, um garoto de 13 anos, diz ter uma fita com o lend\u00e1rio epis\u00f3dio final de &#8220;Caverna do Drag\u00e3o&#8221; para impression\u00e1-la. Mas, ao ver a mentira sair do controle, ele e seus amigos precisam bolar um plano para sair da enrascada em que se meteram.<\/p>\n<p>RELAN\u00c7AMENTO<\/p>\n<p><b>Retrato de um Certo Oriente <\/b><br \/>&#13;<br \/>\nBrasil\/It\u00e1lia\/<a href=\"https:\/\/www1.folha.uol.com.br\/folha-topicos\/libano\/\" rel=\"nofollow noopener\" target=\"_blank\">L\u00edbano<\/a>, 2024. Dir.: Marcelo Gomes. Com: Wafa\u2019a Celine Halawi, Charbel Kamel e Zakaria Kaakour. 92 min. 16 anos<br \/>&#13;<br \/>\nIrm\u00e3os, Emilie e Emir deixam o L\u00edbano para escapar de uma guerra prestes a estourar. Durante a viagem rumo ao Brasil, Emilie se apaixona por Omar, um comerciante mu\u00e7ulmano, despertando o ci\u00fame de Emir. Ap\u00f3s uma briga entre os dois, que deixa o irm\u00e3o ferido, Emilie desembarca em uma aldeia ind\u00edgena em busca de um curandeiro.<\/p>\n<p>ESPECIAL<\/p>\n<p><b>O Cangaceiro<\/b><br \/>&#13;<br \/>\nO filme de 1953, dirigido por Lima Barreto, ser\u00e1 exibido no Complexo Cultural J\u00falio Prestes. O longa narra a jornada do bando do Capit\u00e3o Galdino pelo sert\u00e3o nordestino.<br \/>&#13;<br \/>\nEsta\u00e7\u00e3o Motiva Cultural \u2013 p\u00e7a. J\u00falio Prestes, 16, Campos El\u00edseos, regi\u00e3o central. Ingr.: R$ 50, em <a href=\"http:\/\/salasaopaulo.art.br\" target=\"_blank\" rel=\"nofollow noopener\">salasaopaulo.art.br<\/a> <\/p>\n<p><b>Sess\u00e3o Mutual Films<\/b><br \/>&#13;<br \/>\nA nova edi\u00e7\u00e3o do programa re\u00fane filmes de duas pioneiras do cinema liban\u00eas que retratam a Guerra Civil do pa\u00eds. No s\u00e1bado (11), ser\u00e1 exibida \u2018A Trilogia de Beirute\u2019, tr\u00eas document\u00e1rios dirigidos pela cineasta e jornalista Jocelyne Saab sobre o conflito. O domingo tem sess\u00e3o do longa \u2018Leila e os Lobos&#8221;, de Heiny Srour, que retrata a guerra a partir da participa\u00e7\u00e3o feminina.<br \/>&#13;<br \/>\nIMS Paulista \u2013 av. Paulista, 2.424, Bela Vista, regi\u00e3o central. S\u00e1b. (11), \u00e0s 19h40. Dom (12), \u00e0s 17h30. Ingr.: R$ 10 (inteira), em Ingresso.com ou bilheteria do local<\/p>\n","protected":false},"excerpt":{"rendered":"Onze filmes entram em cartaz nos cinemas de S\u00e3o Paulo nesta semana. Entre eles est\u00e1 &#8220;Tron: Ares&#8221;, longa&hellip;\n","protected":false},"author":2,"featured_media":103697,"comment_status":"","ping_status":"","sticky":false,"template":"","format":"standard","meta":{"footnotes":""},"categories":[140],"tags":[15016,207,470,4414,114,115,147,148,761,2595,25088,16720,15027,25087,146,32,33,1741],"class_list":{"0":"post-103696","1":"post","2":"type-post","3":"status-publish","4":"format-standard","5":"has-post-thumbnail","7":"category-filmes","8":"tag-andrew-garfield","9":"tag-arte","10":"tag-cinema","11":"tag-cinema-nacional","12":"tag-entertainment","13":"tag-entretenimento","14":"tag-film","15":"tag-filmes","16":"tag-guia-folha","17":"tag-hollywood","18":"tag-ingrid-guimares","19":"tag-jared-leto","20":"tag-julia-roberts","21":"tag-lbano","22":"tag-movies","23":"tag-portugal","24":"tag-pt","25":"tag-so-paulo"},"share_on_mastodon":{"url":"","error":""},"_links":{"self":[{"href":"https:\/\/www.europesays.com\/pt\/wp-json\/wp\/v2\/posts\/103696","targetHints":{"allow":["GET"]}}],"collection":[{"href":"https:\/\/www.europesays.com\/pt\/wp-json\/wp\/v2\/posts"}],"about":[{"href":"https:\/\/www.europesays.com\/pt\/wp-json\/wp\/v2\/types\/post"}],"author":[{"embeddable":true,"href":"https:\/\/www.europesays.com\/pt\/wp-json\/wp\/v2\/users\/2"}],"replies":[{"embeddable":true,"href":"https:\/\/www.europesays.com\/pt\/wp-json\/wp\/v2\/comments?post=103696"}],"version-history":[{"count":0,"href":"https:\/\/www.europesays.com\/pt\/wp-json\/wp\/v2\/posts\/103696\/revisions"}],"wp:featuredmedia":[{"embeddable":true,"href":"https:\/\/www.europesays.com\/pt\/wp-json\/wp\/v2\/media\/103697"}],"wp:attachment":[{"href":"https:\/\/www.europesays.com\/pt\/wp-json\/wp\/v2\/media?parent=103696"}],"wp:term":[{"taxonomy":"category","embeddable":true,"href":"https:\/\/www.europesays.com\/pt\/wp-json\/wp\/v2\/categories?post=103696"},{"taxonomy":"post_tag","embeddable":true,"href":"https:\/\/www.europesays.com\/pt\/wp-json\/wp\/v2\/tags?post=103696"}],"curies":[{"name":"wp","href":"https:\/\/api.w.org\/{rel}","templated":true}]}}