{"id":103710,"date":"2025-10-09T16:14:43","date_gmt":"2025-10-09T16:14:43","guid":{"rendered":"https:\/\/www.europesays.com\/pt\/103710\/"},"modified":"2025-10-09T16:14:43","modified_gmt":"2025-10-09T16:14:43","slug":"ha-e117-mil-milhoes-em-certificados-de-aforro-por-reclamar-em-caso-de-prescricao-revertem-para-o-estado-expresso","status":"publish","type":"post","link":"https:\/\/www.europesays.com\/pt\/103710\/","title":{"rendered":"H\u00e1 \u20ac1,17 mil milh\u00f5es em Certificados de Aforro por reclamar: em caso de prescri\u00e7\u00e3o revertem para o Estado &#8211; Expresso"},"content":{"rendered":"<ol>\n<li><a href=\"https:\/\/news.google.com\/rss\/articles\/CBMi_gFBVV95cUxPRThZTFR0U1A0NEhSMTFkNklOd2IwMTA4RlA0YTJHQ3VUcmlSNDdySW1VbTVxOGtBM2kzczU4RXZpYy1vTnJubWN6RTFTWjF3UTEtQXlrc3hJTExmWkphQTg4bEhaM2NiWGpiMU1RaEpBZ2VweVg2Qk5YckRzbmNnOHlNenFPcjVYSmg3Y1otSXl4Q1VicjZkVWFHMXRiMFFBWkNteG1GV083VERCbnZyeDVRZkFIV0ZCS2xLaXpHNzUyS2VvOHFrREZqSllHcGxJX3lGRnExUkcxYzk5YXVtT3VDMS1nWVNNVFVPeGpwTVRpZmlpdnBNeDNxbWp6Z9IBgwJBVV95cUxOOElJVE01OG0zbGxEd21qTXdiWDNPWVE0Rm5vb1BSajlaNFk2cWlic1Bwb2dBMFlzUnp5OWlybE5id1YtbExzUExfR2VyQzJxTXVadnFLV0poTVlpS19wU2IzaEZ5YV9VcnhESERORW1BNThuekJqMWRyNHN3YXo2RGViaWh3d2xKRHBsTXNIZ084MXplREo5U0wwS1l5LVNYZTVyMkRyVTI4RnpjZkhMN3NpS19mMndwdkI0WHdSS191UG1zbnVmbHRkS1FtSlZCQ3l3N3ptMDI0TWhfQ2V4a3d4NVNEX205dm5qT0ZtSHZjcFZWLVRUQU9nQnVxM09NaUU0?oc=5\" target=\"_blank\" rel=\"nofollow noopener\">H\u00e1 \u20ac1,17 mil milh\u00f5es em Certificados de Aforro por reclamar: em caso de prescri\u00e7\u00e3o revertem para o Estado<\/a>&nbsp;&nbsp;Expresso<\/li>\n<li><a href=\"https:\/\/news.google.com\/rss\/articles\/CBMi2wFBVV95cUxOTUMwX1FBY3lTTjF0NTVnUkY5MFJld1ZsVXotZXc1OEkwNFo4X3FiSWhTbVZjT2Q1dE5ZdTlpdXhGcHFydUZPcG9EcWNwbWhkcjNRT0RqNzE4RzlqYlRzQXNnNTRGZkpuSk05cjNHLUdORXM2SjluRzVQU0lEYmhQazFjOHlJTERrb2hYSUJab3ZDQ1Z1YVRNbzlyOHktcXUtSXFDMUJKd1JETFdDRllRYkNtTzFKRVd3WW5rTW11V0xQUnZJckVoUTNoMXRSQnRKWlgtNGVHbFR4OU0?oc=5\" target=\"_blank\" rel=\"nofollow noopener\">Certificados n\u00e3o reclamados podem dar ao Estado mais de mil milh\u00f5es de euros<\/a>&nbsp;&nbsp;Jornal de Neg\u00f3cios<\/li>\n<li><a href=\"https:\/\/news.google.com\/rss\/articles\/CBMizwFBVV95cUxPRWY5YnJfMFB2bUFOQUZrQWh0VG1NYnU5bmxLNHVubTJDeGE5bUIxMURlZXRCWmJxYUFhZjIwS1FCR19NSXlxdV9BMTdGMlNjUmt4NGNkcDE0LWlqc05obUlGYmdUUHF6cWFRX2ZKeVRXeXJPZi1MLWlWREdCTFlodmhBUHVRTWlDMDlvUDhYcWhsQWdKZzdlVXl2aUl1dm56Q202V05BTzFrM0xuT25Ra2xKS2F5WHZHSnBkc1htTlpxdFZNNnlTUmd4TXZZRlU?oc=5\" target=\"_blank\" rel=\"nofollow noopener\">Conta Geral do Estado 2024 n\u00e3o est\u00e1 em conformidade com a lei, conclui Tribunal de Contas<\/a>&nbsp;&nbsp;RTP<\/li>\n<li><a href=\"https:\/\/news.google.com\/rss\/articles\/CBMiigFBVV95cUxOUF9fdGF3Sk9QLVZZWUFLYllvcWJmZldvZjRSRlNaTGVmOTdpNDQxVVpYVFA4UkJEYzRZUFVIRjl6eUxobjB6T3E0UWxYTEZrOGhUeWxvVDIzWVRMMTZWTlRSc0N5UHo5Wm1OdzBQd05xU2stekp4T2R1ckt5WUlRb1U2MnhySExQMHc?oc=5\" target=\"_blank\" rel=\"nofollow noopener\">Tribunal de Contas chumba Conta Geral do Estado de 2024<\/a>&nbsp;&nbsp;Di\u00e1rio de Not\u00edcias<\/li>\n<li><a href=\"https:\/\/news.google.com\/rss\/articles\/CBMiqAFBVV95cUxPUHRKaWxsTml0QjI1ZEZjZVNRemVJN2tmUENtMk9HVkhpQng4WEpjT2dGSC0zZWRVSGpYbEs3cHFBVi1vXzdESUJSYmxIcy10MVRVckt2WUNXNTg1MVNlaHdpVkQtVDZwdVNWWGVpckdUY0VROGxTZlBaLWNNbHBNMnZ6d3oyVkhnQTdBV3AwM3B1TU1JcmlxbEV3cXpXbmE2aktIdW5tN0Q?oc=5\" target=\"_blank\" rel=\"nofollow noopener\">Estado n\u00e3o consegue pagar 77 milh\u00f5es em certificados \u00e0s fam\u00edlias<\/a>&nbsp;&nbsp;Correio da Manh\u00e3<\/li>\n<\/ol>\n","protected":false},"excerpt":{"rendered":"H\u00e1 \u20ac1,17 mil milh\u00f5es em Certificados de Aforro por reclamar: em caso de prescri\u00e7\u00e3o revertem para o Estado&nbsp;&nbsp;Expresso&hellip;\n","protected":false},"author":2,"featured_media":99287,"comment_status":"","ping_status":"","sticky":false,"template":"","format":"standard","meta":{"footnotes":""},"categories":[8],"tags":[27,28,15,16,14,25,26,21,22,12,13,19,20,32,23,24,33,17,18,29,30,31],"class_list":{"0":"post-103710","1":"post","2":"type-post","3":"status-publish","4":"format-standard","5":"has-post-thumbnail","7":"category-principais-noticias","8":"tag-breaking-news","9":"tag-breakingnews","10":"tag-featured-news","11":"tag-featurednews","12":"tag-headlines","13":"tag-latest-news","14":"tag-latestnews","15":"tag-main-news","16":"tag-mainnews","17":"tag-news","18":"tag-noticias","19":"tag-noticias-principais","20":"tag-noticiasprincipais","21":"tag-portugal","22":"tag-principais-noticias","23":"tag-principaisnoticias","24":"tag-pt","25":"tag-top-stories","26":"tag-topstories","27":"tag-ultimas","28":"tag-ultimas-noticias","29":"tag-ultimasnoticias"},"share_on_mastodon":{"url":"","error":""},"_links":{"self":[{"href":"https:\/\/www.europesays.com\/pt\/wp-json\/wp\/v2\/posts\/103710","targetHints":{"allow":["GET"]}}],"collection":[{"href":"https:\/\/www.europesays.com\/pt\/wp-json\/wp\/v2\/posts"}],"about":[{"href":"https:\/\/www.europesays.com\/pt\/wp-json\/wp\/v2\/types\/post"}],"author":[{"embeddable":true,"href":"https:\/\/www.europesays.com\/pt\/wp-json\/wp\/v2\/users\/2"}],"replies":[{"embeddable":true,"href":"https:\/\/www.europesays.com\/pt\/wp-json\/wp\/v2\/comments?post=103710"}],"version-history":[{"count":0,"href":"https:\/\/www.europesays.com\/pt\/wp-json\/wp\/v2\/posts\/103710\/revisions"}],"wp:featuredmedia":[{"embeddable":true,"href":"https:\/\/www.europesays.com\/pt\/wp-json\/wp\/v2\/media\/99287"}],"wp:attachment":[{"href":"https:\/\/www.europesays.com\/pt\/wp-json\/wp\/v2\/media?parent=103710"}],"wp:term":[{"taxonomy":"category","embeddable":true,"href":"https:\/\/www.europesays.com\/pt\/wp-json\/wp\/v2\/categories?post=103710"},{"taxonomy":"post_tag","embeddable":true,"href":"https:\/\/www.europesays.com\/pt\/wp-json\/wp\/v2\/tags?post=103710"}],"curies":[{"name":"wp","href":"https:\/\/api.w.org\/{rel}","templated":true}]}}