{"id":103713,"date":"2025-10-09T16:18:09","date_gmt":"2025-10-09T16:18:09","guid":{"rendered":"https:\/\/www.europesays.com\/pt\/103713\/"},"modified":"2025-10-09T16:18:09","modified_gmt":"2025-10-09T16:18:09","slug":"casal-de-vale-tudo-viaja-junto-apos-o-fim-das-gravacoes-da-novela","status":"publish","type":"post","link":"https:\/\/www.europesays.com\/pt\/103713\/","title":{"rendered":"Casal de Vale Tudo viaja junto ap\u00f3s o fim das grava\u00e7\u00f5es da novela"},"content":{"rendered":"<p>Casal em <strong>Vale Tudo<\/strong>,\u00a0<strong>Thiago Martins<\/strong> e<strong> Ingrid Gaigher<\/strong> levaram a sintonia de <strong>Vasco <\/strong>e <strong>Lucimar <\/strong>para fora dos Est\u00fadios Globo. Os atores **viajaram** juntos para Porto de Galinhas, em Pernambuco, ap\u00f3s o fim das grava\u00e7\u00f5es do remake, encerradas no \u00faltimo s\u00e1bado (4\/10).<\/p>\n<p>Nas redes sociais, <strong>Thiago Martins <\/strong>contou na legenda da publica\u00e7\u00e3o\u00a0que foi dele a ideia de viajar convidar a colega de elenco para viajar com ele, seu irm\u00e3o e mais dois amigos: &#8220;Arrastei minha parceira Ingrid Gaigher e meu amor bandido Nando Brand\u00e3o. Com voc\u00eas, tudo fica melhor&#8221;.<\/p>\n<p>Na \u00faltima quarta-feira (8),\u00a0<strong>Thiago <\/strong>e\u00a0<strong>Ingrid <\/strong>publicaram fotos do grupo fazendo um passeio de barco por S\u00e3o Jos\u00e9 da Coroa Grande. N\u00e3o houve ind\u00edcios ou especula\u00e7\u00f5es anteriores de que os dois estariam vivendo um romance.<\/p>\n<p>Apesar da viagem em grupo, os dois ficaram hospedados em locais diferentes. De acordo com o jornal Extra,\u00a0<strong>Ingrid Gaigher <\/strong>est\u00e1 no Porto Alto Resort, enquanto <strong>Thiago Martins<\/strong>, seu irm\u00e3o e os dois amigos se acomodaram em outro hotel.<\/p>\n<p>Confira:<\/p>\n<blockquote class=\"twitter-tweet\"><p>&#13;<\/p>\n<p dir=\"ltr\" lang=\"pt\">Casal em <a href=\"https:\/\/twitter.com\/hashtag\/ValeTudo?src=hash&amp;ref_src=twsrc%5Etfw\" rel=\"nofollow noopener\" target=\"_blank\">#ValeTudo<\/a>, Thiago Martins e Ingrid Gaigher, o Vasco e a Lucimar da novela, viajam juntos para Porto de Galinhas, Pernambuco. <a href=\"https:\/\/t.co\/ZHA3oU9vHA\" rel=\"nofollow\">pic.twitter.com\/ZHA3oU9vHA<\/a><\/p>\n<p>&#13;<br \/>\n\u2014 \ud835\udd44\ud835\udd46\u210d\ud835\udd38\ud835\udd44\ud835\udd44\ud835\udd3c\ud835\udd3b (@JorMohammed) <a href=\"https:\/\/twitter.com\/JorMohammed\/status\/1976299362033561824?ref_src=twsrc%5Etfw\" rel=\"nofollow noopener\" target=\"_blank\">October 9, 2025<\/a><\/p><\/blockquote>\n<p>            <script async src=\"https:\/\/platform.twitter.com\/widgets.js\" charset=\"utf-8\"><\/script><\/p>\n","protected":false},"excerpt":{"rendered":"Casal em Vale Tudo,\u00a0Thiago Martins e Ingrid Gaigher levaram a sintonia de Vasco e Lucimar para fora dos&hellip;\n","protected":false},"author":2,"featured_media":103714,"comment_status":"","ping_status":"","sticky":false,"template":"","format":"standard","meta":{"footnotes":""},"categories":[142],"tags":[114,115,32,33,3417,151,2154],"class_list":{"0":"post-103713","1":"post","2":"type-post","3":"status-publish","4":"format-standard","5":"has-post-thumbnail","7":"category-tv","8":"tag-entertainment","9":"tag-entretenimento","10":"tag-portugal","11":"tag-pt","12":"tag-thiago-martins","13":"tag-tv","14":"tag-vale-tudo"},"share_on_mastodon":{"url":"","error":""},"_links":{"self":[{"href":"https:\/\/www.europesays.com\/pt\/wp-json\/wp\/v2\/posts\/103713","targetHints":{"allow":["GET"]}}],"collection":[{"href":"https:\/\/www.europesays.com\/pt\/wp-json\/wp\/v2\/posts"}],"about":[{"href":"https:\/\/www.europesays.com\/pt\/wp-json\/wp\/v2\/types\/post"}],"author":[{"embeddable":true,"href":"https:\/\/www.europesays.com\/pt\/wp-json\/wp\/v2\/users\/2"}],"replies":[{"embeddable":true,"href":"https:\/\/www.europesays.com\/pt\/wp-json\/wp\/v2\/comments?post=103713"}],"version-history":[{"count":0,"href":"https:\/\/www.europesays.com\/pt\/wp-json\/wp\/v2\/posts\/103713\/revisions"}],"wp:featuredmedia":[{"embeddable":true,"href":"https:\/\/www.europesays.com\/pt\/wp-json\/wp\/v2\/media\/103714"}],"wp:attachment":[{"href":"https:\/\/www.europesays.com\/pt\/wp-json\/wp\/v2\/media?parent=103713"}],"wp:term":[{"taxonomy":"category","embeddable":true,"href":"https:\/\/www.europesays.com\/pt\/wp-json\/wp\/v2\/categories?post=103713"},{"taxonomy":"post_tag","embeddable":true,"href":"https:\/\/www.europesays.com\/pt\/wp-json\/wp\/v2\/tags?post=103713"}],"curies":[{"name":"wp","href":"https:\/\/api.w.org\/{rel}","templated":true}]}}