{"id":103726,"date":"2025-10-09T16:26:08","date_gmt":"2025-10-09T16:26:08","guid":{"rendered":"https:\/\/www.europesays.com\/pt\/103726\/"},"modified":"2025-10-09T16:26:08","modified_gmt":"2025-10-09T16:26:08","slug":"drones-e-misseis-que-desafiam-a-russia-alem-do-campo-de-batalha","status":"publish","type":"post","link":"https:\/\/www.europesays.com\/pt\/103726\/","title":{"rendered":"drones e m\u00edsseis que desafiam a R\u00fassia al\u00e9m do campo de batalha"},"content":{"rendered":"<p>A Ucr\u00e2nia encontrou a \u2018p\u00f3lvora\u2019, ou, mais bem dito, uma forma de fragilizar a R\u00fassia longe das trincheiras. Desde o ver\u00e3o, Kiev tem intensificado ataques a refinarias e infraestruturas energ\u00e9ticas russas, utilizando drones de longo alcance e m\u00edsseis de fabrico pr\u00f3prio. A nova ofensiva, que come\u00e7ou em 2024, est\u00e1 a reduzir significativamente a capacidade de refina\u00e7\u00e3o da R\u00fassia e a provocar escassez de combust\u00edvel em v\u00e1rias regi\u00f5es do pa\u00eds. Segundo o \u2018El Confidencial\u2019, esta estrat\u00e9gia marca uma viragem na forma como a Ucr\u00e2nia conduz a guerra, abrindo uma frente tecnol\u00f3gica e econ\u00f3mica que ultrapassa o campo de batalha tradicional.<\/p>\n<p>Os ataques, que afetam cerca de 40% da capacidade de refina\u00e7\u00e3o russa, levaram a filas nos postos de combust\u00edvel e a restri\u00e7\u00f5es no mercado civil, atingindo primeiro zonas remotas e depois regi\u00f5es pr\u00f3ximas da R\u00fassia europeia, incluindo a Crimeia. Ao atacar a retaguarda do inimigo, Kiev conseguiu transportar a guerra para o quotidiano dos cidad\u00e3os russos, algo que n\u00e3o tinha acontecido nos primeiros anos do conflito.<\/p>\n<blockquote class=\"twitter-tweet\">\n<p lang=\"es\" dir=\"ltr\">Ucrania atac\u00f3 con drones la refiner\u00eda de Lukoil-Nizhegorodnefteorgsintez en Kstovo, que produce 2,3 millones de toneladas de combustible al a\u00f1o. Tambi\u00e9n alcanz\u00f3 otras similares en Smolensk y Tver. En una semana los ataques redujeron en un 5% la capacidad de refinado de Rusia <a href=\"https:\/\/t.co\/kjOAlw6u8R\" rel=\"nofollow\">pic.twitter.com\/kjOAlw6u8R<\/a><\/p>\n<p>\u2014 Nacho Montes de Oca (@nachomdeo) <a href=\"https:\/\/twitter.com\/nachomdeo\/status\/1884394264047575310?ref_src=twsrc%5Etfw\" target=\"_blank\" rel=\"noopener nofollow\">January 29, 2025<\/a><\/p>\n<\/blockquote>\n<p><strong>Nova gera\u00e7\u00e3o de armas e autonomia estrat\u00e9gica<\/strong><\/p>\n<p>O desenvolvimento de drones e m\u00edsseis de longo alcance tem sido fundamental nesta mudan\u00e7a. A Ucr\u00e2nia substituiu os aparelhos improvisados por modelos de fabrico nacional, capazes de atingir alvos a centenas de quil\u00f3metros de dist\u00e2ncia. Paralelamente, aperfei\u00e7oou o m\u00edssil de cruzeiro Neptune, concebendo vers\u00f5es com maior alcance, e apresentou o novo m\u00edssil FP-5 Flamenco, com capacidade te\u00f3rica para percorrer at\u00e9 3.000 quil\u00f3metros. Este avan\u00e7o representa, de acordo com o El Confidencial, um salto tecnol\u00f3gico que devolve a Kiev uma margem de autonomia militar que antes dependia de aliados ocidentais.<\/p>\n<p>Apesar dos progressos, a Ucr\u00e2nia continua a pedir aos Estados Unidos m\u00edsseis de cruzeiro Tomahawk, o que indica que o arsenal nacional ainda enfrenta limita\u00e7\u00f5es operacionais. Washington mant\u00e9m cautela, consciente de que o uso de m\u00edsseis de origem americana em territ\u00f3rio russo poderia ultrapassar as \u201clinhas vermelhas\u201d do Kremlin.<\/p>\n<p>A nova estrat\u00e9gia de Kiev \u2014 que combina inova\u00e7\u00e3o tecnol\u00f3gica, precis\u00e3o e impacto econ\u00f3mico \u2014 est\u00e1 a redefinir o conceito de guerra moderna. Mais do que drones e m\u00edsseis, \u00e9 uma demonstra\u00e7\u00e3o de que o poder militar se mede hoje tamb\u00e9m pela capacidade de pensar longe da linha da frente.<\/p>\n<p><script async src=\"https:\/\/platform.twitter.com\/widgets.js\" charset=\"utf-8\"><\/script><\/p>\n","protected":false},"excerpt":{"rendered":"A Ucr\u00e2nia encontrou a \u2018p\u00f3lvora\u2019, ou, mais bem dito, uma forma de fragilizar a R\u00fassia longe das trincheiras.&hellip;\n","protected":false},"author":2,"featured_media":103727,"comment_status":"","ping_status":"","sticky":false,"template":"","format":"standard","meta":{"footnotes":""},"categories":[50],"tags":[27,28,15,16,14,25,26,21,22,62,12,13,19,20,23,24,17,18,29,30,31,63,64,65],"class_list":{"0":"post-103726","1":"post","2":"type-post","3":"status-publish","4":"format-standard","5":"has-post-thumbnail","7":"category-mundo","8":"tag-breaking-news","9":"tag-breakingnews","10":"tag-featured-news","11":"tag-featurednews","12":"tag-headlines","13":"tag-latest-news","14":"tag-latestnews","15":"tag-main-news","16":"tag-mainnews","17":"tag-mundo","18":"tag-news","19":"tag-noticias","20":"tag-noticias-principais","21":"tag-noticiasprincipais","22":"tag-principais-noticias","23":"tag-principaisnoticias","24":"tag-top-stories","25":"tag-topstories","26":"tag-ultimas","27":"tag-ultimas-noticias","28":"tag-ultimasnoticias","29":"tag-world","30":"tag-world-news","31":"tag-worldnews"},"share_on_mastodon":{"url":"","error":""},"_links":{"self":[{"href":"https:\/\/www.europesays.com\/pt\/wp-json\/wp\/v2\/posts\/103726","targetHints":{"allow":["GET"]}}],"collection":[{"href":"https:\/\/www.europesays.com\/pt\/wp-json\/wp\/v2\/posts"}],"about":[{"href":"https:\/\/www.europesays.com\/pt\/wp-json\/wp\/v2\/types\/post"}],"author":[{"embeddable":true,"href":"https:\/\/www.europesays.com\/pt\/wp-json\/wp\/v2\/users\/2"}],"replies":[{"embeddable":true,"href":"https:\/\/www.europesays.com\/pt\/wp-json\/wp\/v2\/comments?post=103726"}],"version-history":[{"count":0,"href":"https:\/\/www.europesays.com\/pt\/wp-json\/wp\/v2\/posts\/103726\/revisions"}],"wp:featuredmedia":[{"embeddable":true,"href":"https:\/\/www.europesays.com\/pt\/wp-json\/wp\/v2\/media\/103727"}],"wp:attachment":[{"href":"https:\/\/www.europesays.com\/pt\/wp-json\/wp\/v2\/media?parent=103726"}],"wp:term":[{"taxonomy":"category","embeddable":true,"href":"https:\/\/www.europesays.com\/pt\/wp-json\/wp\/v2\/categories?post=103726"},{"taxonomy":"post_tag","embeddable":true,"href":"https:\/\/www.europesays.com\/pt\/wp-json\/wp\/v2\/tags?post=103726"}],"curies":[{"name":"wp","href":"https:\/\/api.w.org\/{rel}","templated":true}]}}