{"id":103738,"date":"2025-10-09T16:36:20","date_gmt":"2025-10-09T16:36:20","guid":{"rendered":"https:\/\/www.europesays.com\/pt\/103738\/"},"modified":"2025-10-09T16:36:20","modified_gmt":"2025-10-09T16:36:20","slug":"outubro-rosa-loja-rosa-oferece-triagem-gratuita-para-mulheres-no-shopping-pelotas","status":"publish","type":"post","link":"https:\/\/www.europesays.com\/pt\/103738\/","title":{"rendered":"Outubro Rosa: Loja Rosa oferece triagem gratuita para mulheres no Shopping Pelotas"},"content":{"rendered":"<p><img fetchpriority=\"high\" decoding=\"async\" class=\"w-fit lg:w-full\" loading=\"eager\" src=\"https:\/\/www.europesays.com\/pt\/wp-content\/uploads\/2025\/10\/5441562_88bae12428f3200.jpg\" title=\"\u00cdgor Islab\u00e3o \/ Grupo RBS\" alt=\"\u00cdgor Islab\u00e3o \/ Grupo RBS\" width=\"700\" height=\"477\"\/>Loja do IBA est\u00e1 funcionando no Shopping Pelotas.  \u00cdgor Islab\u00e3o \/ Grupo RBS<\/p>\n<p>No m\u00eas do <strong>Outubro Rosa<\/strong>, per\u00edodo destinado a conscientiza\u00e7\u00e3o sobre a <strong>import\u00e2ncia da preven\u00e7\u00e3o e do diagn\u00f3stico precoce do c\u00e2ncer de mama<\/strong>, o <a href=\"https:\/\/www.ibars.ong.br\/\" rel=\"nofollow noopener\" target=\"_blank\"><strong>Instituto Buqu\u00ea de Amor<\/strong><\/a><strong> <\/strong>(IBA) promove uma iniciativa para facilitar o atendimento \u00e0s mulheres: a Loja Rosa no Shopping Pelotas, com funcionamento das 14h \u00e0s 20h.<\/p>\n<p>A a\u00e7\u00e3o oferece de forma gratuita triagens para atendimento m\u00e9dico at\u00e9 o dia 25 de outubro, com foco na preven\u00e7\u00e3o e no cuidado com a sa\u00fade da mulher. J\u00e1 no dia 29, ser\u00e3o realizados os atendimentos \u00a0m\u00e9dicos com profissional volunt\u00e1rio.<\/p>\n<p>\u2014 Ser\u00e3o examinadas mulheres com sintomas importantes na mama e que tenham comprovante de baixa renda \u2014 afirma a criadora do projeto, Janice dos Santos.<\/p>\n<p>Como participar<\/p>\n<p>Os requisitos para as mulheres serem atendidas \u00e9 comprovar ser de baixa renda e apresentar sintomas na mama, como sentir um caro\u00e7o, ter o mamilo do bico invertido ou com a pele \u201ctipo casca de ovo\u201d que esteja muito dolorida.<\/p>\n<p>\u2014 Essa mulher deve nos procurar porque ela <strong>vai passar em uma triagem m\u00e9dica<\/strong> e se for necess\u00e1rio um m\u00e9dico j\u00e1 encaminha para mamografia, para ultrassom e se precisar uma bi\u00f3psia a gente tamb\u00e9m consegue para elas [em institui\u00e7\u00f5es parceiras do IBA] \u00a0\u2014 afirma Janice.<\/p>\n<p>Brasil deve ter mais de 73 mil casos em 2025<\/p>\n<p>Segundo dados divulgados na semana passada pelo Minist\u00e9rio da Sa\u00fade e pelo Instituto Nacional do C\u00e2ncer (Inca), o pa\u00eds deve registrar mais de 73 mil casos de c\u00e2ncer de mama em 2025.<\/p>\n<p>Segundo o relat\u00f3rio, em 2023, foram 20 mil mortes pela doen\u00e7a, com maior concentra\u00e7\u00e3o nas regi\u00f5es sul, sudeste e nordeste. O levantamento aponta ainda a tend\u00eancia de <strong>redu\u00e7\u00e3o na morte entre mulheres de 40 a 49 anos<\/strong>, demonstrando a import\u00e2ncia do diagn\u00f3stico precoce.<\/p>\n<p><strong>Instituto Buqu\u00ea de Amor<\/strong><\/p>\n<p>O IBA surgiu em 2013 para acolher mulheres com c\u00e2ncer de mama e agilizar o diagn\u00f3stico precoce para mulheres de baixa renda. A organiza\u00e7\u00e3o j\u00e1 distribuiu mais de 21 mil buqu\u00eas, seis mil len\u00e7os, al\u00e9m de oferecer mamografias, ultrassonografias, consultas com m\u00e9dicos volunt\u00e1rios, bi\u00f3psias, resson\u00e2ncias magn\u00e9ticas entre outros.<\/p>\n<p>Fique informado sobre o que acontece na regi\u00e3o sul do Estado! Siga <a href=\"https:\/\/www.instagram.com\/gzhzonasul\" target=\"_blank\" title=\"https:\/\/www.instagram.com\/gzhzonasul\" rel=\"nofollow noopener\"><strong>@gzhzonasul<\/strong><\/a> no Instagram e no Facebook, e inscreva-se no canal do WhatsApp para receber not\u00edcias em seu celular: <a href=\"http:\/\/gzh.rs\/canalgzhzs\" target=\"_blank\" title=\"http:\/\/gzh.rs\/canalgzhzs\" rel=\"nofollow noopener\"><strong>gzh.rs\/canalgzhzs<\/strong><\/a><strong>.<\/strong><\/p>\n<p><script async src=\"\/\/www.instagram.com\/embed.js\"><\/script><\/p>\n","protected":false},"excerpt":{"rendered":"Loja do IBA est\u00e1 funcionando no Shopping Pelotas. \u00cdgor Islab\u00e3o \/ Grupo RBS No m\u00eas do Outubro Rosa,&hellip;\n","protected":false},"author":2,"featured_media":103739,"comment_status":"","ping_status":"","sticky":false,"template":"","format":"standard","meta":{"footnotes":""},"categories":[86],"tags":[116,9273,32,33,117],"class_list":{"0":"post-103738","1":"post","2":"type-post","3":"status-publish","4":"format-standard","5":"has-post-thumbnail","7":"category-saude","8":"tag-health","9":"tag-pelotas","10":"tag-portugal","11":"tag-pt","12":"tag-saude"},"share_on_mastodon":{"url":"","error":""},"_links":{"self":[{"href":"https:\/\/www.europesays.com\/pt\/wp-json\/wp\/v2\/posts\/103738","targetHints":{"allow":["GET"]}}],"collection":[{"href":"https:\/\/www.europesays.com\/pt\/wp-json\/wp\/v2\/posts"}],"about":[{"href":"https:\/\/www.europesays.com\/pt\/wp-json\/wp\/v2\/types\/post"}],"author":[{"embeddable":true,"href":"https:\/\/www.europesays.com\/pt\/wp-json\/wp\/v2\/users\/2"}],"replies":[{"embeddable":true,"href":"https:\/\/www.europesays.com\/pt\/wp-json\/wp\/v2\/comments?post=103738"}],"version-history":[{"count":0,"href":"https:\/\/www.europesays.com\/pt\/wp-json\/wp\/v2\/posts\/103738\/revisions"}],"wp:featuredmedia":[{"embeddable":true,"href":"https:\/\/www.europesays.com\/pt\/wp-json\/wp\/v2\/media\/103739"}],"wp:attachment":[{"href":"https:\/\/www.europesays.com\/pt\/wp-json\/wp\/v2\/media?parent=103738"}],"wp:term":[{"taxonomy":"category","embeddable":true,"href":"https:\/\/www.europesays.com\/pt\/wp-json\/wp\/v2\/categories?post=103738"},{"taxonomy":"post_tag","embeddable":true,"href":"https:\/\/www.europesays.com\/pt\/wp-json\/wp\/v2\/tags?post=103738"}],"curies":[{"name":"wp","href":"https:\/\/api.w.org\/{rel}","templated":true}]}}