{"id":103769,"date":"2025-10-09T17:04:15","date_gmt":"2025-10-09T17:04:15","guid":{"rendered":"https:\/\/www.europesays.com\/pt\/103769\/"},"modified":"2025-10-09T17:04:15","modified_gmt":"2025-10-09T17:04:15","slug":"satantango-conheca-obra-do-ganhador-do-nobel-de-literatura","status":"publish","type":"post","link":"https:\/\/www.europesays.com\/pt\/103769\/","title":{"rendered":"&#8220;S\u00e1t\u00e1ntang\u00f3&#8221;: conhe\u00e7a obra do ganhador do Nobel de Literatura"},"content":{"rendered":"<p class=\"my-5 break-words group-[.isActiveSource]:text-xl\">O ganhador do <strong class=\"group-[.isActiveSource]:text-xl group-[.isActiveSource]:font-bold\">Pr\u00eamio Nobel de Literatura de 2025<\/strong> \u00e9 o escritor h\u00fangaro <strong class=\"group-[.isActiveSource]:text-xl group-[.isActiveSource]:font-bold\">L\u00e1szl\u00f3 Krasznahorkai.\u00a0<\/strong><\/p>\n<p class=\"my-5 break-words group-[.isActiveSource]:text-xl\">Apenas um de seus romances foi publicado no Brasil, pela Companhia das Letras, em 2022: &#8220;<strong class=\"group-[.isActiveSource]:text-xl group-[.isActiveSource]:font-bold\">S\u00e1t\u00e1ntang\u00f3<\/strong>&#8220;. O livro foi a primeira obra de<a href=\"https:\/\/www.cnnbrasil.com.br\/internacional\/autor-hungaro-vence-nobel-de-literatura-por-obra-que-reafirma-poder-da-arte\/#:~:text=%E2%80%9CO%20Pr%C3%AAmio%20Nobel%20de%20Literatura,Sueca%2C%20ao%20anunciar%20o%20pr%C3%AAmio.\" target=\"_blank\" rel=\"noopener noreferrer nofollow\" class=\"text-red-600 underline hover:text-red-500 font-medium break-words group-[.isActiveSource]:text-xl\"> Krasznahorkai<\/a> a ser publicada na Hungria, em 1985.<\/p>\n<p class=\"my-5 break-words group-[.isActiveSource]:text-xl\">A trama retrata um grupo de moradores desamparados que vivem em uma fazenda abandonada no interior da Hungria, pouco antes da queda da Uni\u00e3o Sovi\u00e9tica.<\/p>\n<p class=\"my-5 break-words group-[.isActiveSource]:text-xl\">Os moradores se surpreendem com a volta repentina de Irimi\u00e1s e seu companheiro Petrina, que se acreditava estarem mortos. Rapidamente, os dois passam a ser vistos como mensageiros da esperan\u00e7a ou do apocalipse.<\/p>\n<p><img decoding=\"async\" src=\"https:\/\/www.europesays.com\/pt\/wp-content\/uploads\/2025\/10\/satantango.jpg\" alt=\"&quot;S\u00e1t\u00e1ntang\u00f3&quot;, de L\u00e1szl\u00f3 Krasznahorkai \u2022 Divulga\u00e7\u00e3o\" width=\"849\" height=\"477\" class=\"flex size-full object-cover\" loading=\"lazy\"\/>&#8220;S\u00e1t\u00e1ntang\u00f3&#8221;, de L\u00e1szl\u00f3 Krasznahorkai \u2022 Divulga\u00e7\u00e3o<\/p>\n<ul class=\"list-none [li&gt;&amp;]:pl-5\">\n<li class=\"[ul&gt;&amp;]:indent-5 mb-3 break-words [ul&gt;&amp;]:relative [ul&gt;&amp;]:before:absolute [ul&gt;&amp;]:before:left-1 [ul&gt;&amp;]:before:top-2 [ul&gt;&amp;]:before:w-2 [ul&gt;&amp;]:before:h-2 [ul&gt;&amp;]:before:bg-red-600 [ul&gt;&amp;]:before:rounded-full marker:inline group-[.isActiveSource]:text-xl\">T\u00edtulo: &#8220;S\u00e1t\u00e1ntang\u00f3&#8221;<\/li>\n<li class=\"[ul&gt;&amp;]:indent-5 mb-3 break-words [ul&gt;&amp;]:relative [ul&gt;&amp;]:before:absolute [ul&gt;&amp;]:before:left-1 [ul&gt;&amp;]:before:top-2 [ul&gt;&amp;]:before:w-2 [ul&gt;&amp;]:before:h-2 [ul&gt;&amp;]:before:bg-red-600 [ul&gt;&amp;]:before:rounded-full marker:inline group-[.isActiveSource]:text-xl\">Editora: Companhia das Letras<\/li>\n<li class=\"[ul&gt;&amp;]:indent-5 mb-3 break-words [ul&gt;&amp;]:relative [ul&gt;&amp;]:before:absolute [ul&gt;&amp;]:before:left-1 [ul&gt;&amp;]:before:top-2 [ul&gt;&amp;]:before:w-2 [ul&gt;&amp;]:before:h-2 [ul&gt;&amp;]:before:bg-red-600 [ul&gt;&amp;]:before:rounded-full marker:inline group-[.isActiveSource]:text-xl\">Tradu\u00e7\u00e3o: Paulo Schiller<\/li>\n<li class=\"[ul&gt;&amp;]:indent-5 mb-3 break-words [ul&gt;&amp;]:relative [ul&gt;&amp;]:before:absolute [ul&gt;&amp;]:before:left-1 [ul&gt;&amp;]:before:top-2 [ul&gt;&amp;]:before:w-2 [ul&gt;&amp;]:before:h-2 [ul&gt;&amp;]:before:bg-red-600 [ul&gt;&amp;]:before:rounded-full marker:inline group-[.isActiveSource]:text-xl\">P\u00e1ginas: 232<\/li>\n<li class=\"[ul&gt;&amp;]:indent-5 mb-3 break-words [ul&gt;&amp;]:relative [ul&gt;&amp;]:before:absolute [ul&gt;&amp;]:before:left-1 [ul&gt;&amp;]:before:top-2 [ul&gt;&amp;]:before:w-2 [ul&gt;&amp;]:before:h-2 [ul&gt;&amp;]:before:bg-red-600 [ul&gt;&amp;]:before:rounded-full marker:inline group-[.isActiveSource]:text-xl\">Lan\u00e7amento: 14\/10\/2022<\/li>\n<li class=\"[ul&gt;&amp;]:indent-5 mb-3 break-words [ul&gt;&amp;]:relative [ul&gt;&amp;]:before:absolute [ul&gt;&amp;]:before:left-1 [ul&gt;&amp;]:before:top-2 [ul&gt;&amp;]:before:w-2 [ul&gt;&amp;]:before:h-2 [ul&gt;&amp;]:before:bg-red-600 [ul&gt;&amp;]:before:rounded-full marker:inline group-[.isActiveSource]:text-xl\">Pre\u00e7o: R$ 94,90 livro f\u00edsico | R$ 39,90 e-book<\/li>\n<\/ul>\n<p class=\"my-5 break-words group-[.isActiveSource]:text-xl\">Al\u00e9m de &#8220;S\u00e1t\u00e1ntang\u00f3&#8221;, ele tamb\u00e9m \u00e9 <a href=\"https:\/\/www.cnnbrasil.com.br\/entretenimento\/conheca-laszlo-krasznahorkai-laureado-com-o-nobel-de-literatura-2025\/\" target=\"_blank\" rel=\"noopener noreferrer nofollow\" class=\"text-red-600 underline hover:text-red-500 font-medium break-words group-[.isActiveSource]:text-xl\">autor<\/a> de &#8220;The Melancholy of Resistance&#8221; (1989), &#8220;War and War&#8221; (1999), &#8220;Destruction and Sorrow beneath the Heavens&#8221; (2004), &#8220;Baron Wenckheim&#8217;s Homecoming&#8221; (2016), entre outros que ainda n\u00e3o foram publicados no Brasil.<\/p>\n","protected":false},"excerpt":{"rendered":"O ganhador do Pr\u00eamio Nobel de Literatura de 2025 \u00e9 o escritor h\u00fangaro L\u00e1szl\u00f3 Krasznahorkai.\u00a0 Apenas um de&hellip;\n","protected":false},"author":2,"featured_media":103770,"comment_status":"","ping_status":"","sticky":false,"template":"","format":"standard","meta":{"footnotes":""},"categories":[143],"tags":[169,114,115,170,32,33],"class_list":{"0":"post-103769","1":"post","2":"type-post","3":"status-publish","4":"format-standard","5":"has-post-thumbnail","7":"category-livros","8":"tag-books","9":"tag-entertainment","10":"tag-entretenimento","11":"tag-livros","12":"tag-portugal","13":"tag-pt"},"share_on_mastodon":{"url":"","error":""},"_links":{"self":[{"href":"https:\/\/www.europesays.com\/pt\/wp-json\/wp\/v2\/posts\/103769","targetHints":{"allow":["GET"]}}],"collection":[{"href":"https:\/\/www.europesays.com\/pt\/wp-json\/wp\/v2\/posts"}],"about":[{"href":"https:\/\/www.europesays.com\/pt\/wp-json\/wp\/v2\/types\/post"}],"author":[{"embeddable":true,"href":"https:\/\/www.europesays.com\/pt\/wp-json\/wp\/v2\/users\/2"}],"replies":[{"embeddable":true,"href":"https:\/\/www.europesays.com\/pt\/wp-json\/wp\/v2\/comments?post=103769"}],"version-history":[{"count":0,"href":"https:\/\/www.europesays.com\/pt\/wp-json\/wp\/v2\/posts\/103769\/revisions"}],"wp:featuredmedia":[{"embeddable":true,"href":"https:\/\/www.europesays.com\/pt\/wp-json\/wp\/v2\/media\/103770"}],"wp:attachment":[{"href":"https:\/\/www.europesays.com\/pt\/wp-json\/wp\/v2\/media?parent=103769"}],"wp:term":[{"taxonomy":"category","embeddable":true,"href":"https:\/\/www.europesays.com\/pt\/wp-json\/wp\/v2\/categories?post=103769"},{"taxonomy":"post_tag","embeddable":true,"href":"https:\/\/www.europesays.com\/pt\/wp-json\/wp\/v2\/tags?post=103769"}],"curies":[{"name":"wp","href":"https:\/\/api.w.org\/{rel}","templated":true}]}}