{"id":103799,"date":"2025-10-09T17:21:07","date_gmt":"2025-10-09T17:21:07","guid":{"rendered":"https:\/\/www.europesays.com\/pt\/103799\/"},"modified":"2025-10-09T17:21:07","modified_gmt":"2025-10-09T17:21:07","slug":"wicked-2-primeiro-dia-de-pre-venda-bate-recorde-de-2025","status":"publish","type":"post","link":"https:\/\/www.europesays.com\/pt\/103799\/","title":{"rendered":"Wicked 2 | Primeiro dia de pr\u00e9-venda bate recorde de 2025"},"content":{"rendered":"<p><strong>Wicked: Parte 2<\/strong>\u00a0come\u00e7ou ontem sua pr\u00e9-venda e o filme j\u00e1 bateu um recorde no ano de 2025. A not\u00edcia foi confirmada pelo\u00a0Fandango, que comercializa ingressos nos EUA.<\/p>\n<p>O filme que continua a franquia se tornou a maior venda em um \u00fanico dia nos EUA no ano inteiro. Al\u00e9m disso, o filme entrou para os dez maiores dias de pr\u00e9-venda da hist\u00f3ria do site.\u00a0Wicked 2 tamb\u00e9m se tornou o filme com maior dia de pr\u00e9-venda da hist\u00f3ria dos filmes com classifica\u00e7\u00e3o indicativa livre no Fandango.<\/p>\n<p>      <strong>Tudo sobre\u00a0Wicked<\/strong><\/p>\n<p>Dirigidos por\u00a0<strong>Jon M. Chu<\/strong>\u00a0(Podres de Ricos, In The Heights),\u00a0Wicked\u00a0e\u00a0Wicked Parte 2\u00a0adaptam para o cinema o aclamad\u00edssimo musical com m\u00fasica e letras de Stephen Schwartz e libreto de Winnie Holzman que, por sua vez, \u00e9 uma adapta\u00e7\u00e3o do livro hom\u00f4nimo\u00a0Gregory Maguire, uma hist\u00f3ria que mostra a vida de Glinda, a bruxa boa, e da Bruxa M\u00e1 do Oeste, Elphaba Throbb, antes da chegada de Dorory no Reino de Oz.<\/p>\n<p>Nos longas-metragens, as duas s\u00e3o interpretadas, respectivamente, por<strong>\u00a0Ariana Grande\u00a0<\/strong>e\u00a0<strong>Cynthia Erivo<\/strong>. As duas foram indicadas ao Oscar pelo primeiro filme, que estreou em novembro de 2024 e hoje est\u00e1 dispon\u00edvel para streaming. O elenco ainda conta com\u00a0<strong>Jonathan Bailey,\u00a0Michelle Yeoh,\u00a0Jeff Goldblum,\u00a0Marissa Bode,\u00a0Ethan Slater,\u00a0Bowen Yang\u00a0<\/strong>e\u00a0<strong>Bronwyn\u00a0James.<\/strong><\/p>\n<p>Na trama, Elphaba e Glinda se conhecem na escola e, apesar das diferen\u00e7as, desenvolvem uma amizade poderosa que \u00e9 desafiada quando o misterioso M\u00e1gico de Oz convida as duas para a Cidade Emeralda e revela os segredos daquele reino.<\/p>\n<p>O musical ganhou vers\u00f5es em diversos pa\u00edses, incluindo v\u00e1rias montagens no Brasil, normalmente estreladas pelas atrizes\u00a0Fabi Bang\u00a0e\u00a0Myra Ruiz.<\/p>\n<p>Wicked: Parte 2\u00a0estreia no Brasil em\u00a020 de novembro.<\/p>\n","protected":false},"excerpt":{"rendered":"Wicked: Parte 2\u00a0come\u00e7ou ontem sua pr\u00e9-venda e o filme j\u00e1 bateu um recorde no ano de 2025. A&hellip;\n","protected":false},"author":2,"featured_media":103800,"comment_status":"","ping_status":"","sticky":false,"template":"","format":"standard","meta":{"footnotes":""},"categories":[140],"tags":[114,115,147,148,146,32,33],"class_list":{"0":"post-103799","1":"post","2":"type-post","3":"status-publish","4":"format-standard","5":"has-post-thumbnail","7":"category-filmes","8":"tag-entertainment","9":"tag-entretenimento","10":"tag-film","11":"tag-filmes","12":"tag-movies","13":"tag-portugal","14":"tag-pt"},"share_on_mastodon":{"url":"","error":""},"_links":{"self":[{"href":"https:\/\/www.europesays.com\/pt\/wp-json\/wp\/v2\/posts\/103799","targetHints":{"allow":["GET"]}}],"collection":[{"href":"https:\/\/www.europesays.com\/pt\/wp-json\/wp\/v2\/posts"}],"about":[{"href":"https:\/\/www.europesays.com\/pt\/wp-json\/wp\/v2\/types\/post"}],"author":[{"embeddable":true,"href":"https:\/\/www.europesays.com\/pt\/wp-json\/wp\/v2\/users\/2"}],"replies":[{"embeddable":true,"href":"https:\/\/www.europesays.com\/pt\/wp-json\/wp\/v2\/comments?post=103799"}],"version-history":[{"count":0,"href":"https:\/\/www.europesays.com\/pt\/wp-json\/wp\/v2\/posts\/103799\/revisions"}],"wp:featuredmedia":[{"embeddable":true,"href":"https:\/\/www.europesays.com\/pt\/wp-json\/wp\/v2\/media\/103800"}],"wp:attachment":[{"href":"https:\/\/www.europesays.com\/pt\/wp-json\/wp\/v2\/media?parent=103799"}],"wp:term":[{"taxonomy":"category","embeddable":true,"href":"https:\/\/www.europesays.com\/pt\/wp-json\/wp\/v2\/categories?post=103799"},{"taxonomy":"post_tag","embeddable":true,"href":"https:\/\/www.europesays.com\/pt\/wp-json\/wp\/v2\/tags?post=103799"}],"curies":[{"name":"wp","href":"https:\/\/api.w.org\/{rel}","templated":true}]}}