{"id":103811,"date":"2025-10-09T17:27:19","date_gmt":"2025-10-09T17:27:19","guid":{"rendered":"https:\/\/www.europesays.com\/pt\/103811\/"},"modified":"2025-10-09T17:27:19","modified_gmt":"2025-10-09T17:27:19","slug":"telemoveis-estao-a-roubar-infancia","status":"publish","type":"post","link":"https:\/\/www.europesays.com\/pt\/103811\/","title":{"rendered":"telem\u00f3veis est\u00e3o a &#8220;roubar inf\u00e2ncia&#8221;"},"content":{"rendered":"<p>A semelhan\u00e7a de uma decis\u00e3o tomada pelo Governo da Austr\u00e1lia, a Dinamarca anunciou que vai proibir as redes sociais para menores de 15 anos. A primeira-ministra do pa\u00eds alertou, tamb\u00e9m, que os telem\u00f3veis est\u00e3o a &#8220;roubar a inf\u00e2ncia&#8221;.<\/p>\n<p><a target=\"_blank\" href=\"https:\/\/pplware.sapo.pt\/wp-content\/uploads\/2025\/10\/crianca_rapaz_adolescente_smartphone-1.jpg\" onclick=\"refreshIframe()\" class=\"foobox\" rel=\"nofollow noopener\"><img fetchpriority=\"high\" decoding=\"async\" src=\"https:\/\/www.europesays.com\/pt\/wp-content\/uploads\/2025\/10\/crianca_rapaz_adolescente_smartphone-1-720x405.jpg\" alt=\"Crian\u00e7a no smartphone, nas redes sociais\" width=\"720\" height=\"405\" class=\"aligncenter wp-image-1082166 size-medium\"  \/><\/a>\n<\/p>\n<p>Durante o seu discurso, na abertura do Folketing, o parlamento da Dinamarca, na ter\u00e7a-feira, a primeira-ministra do pa\u00eds aproveitou para anunciar que ir\u00e1 proibir as redes sociais para menores de 15 anos.<\/p>\n<blockquote>\n<p>N\u00f3s libert\u00e1mos um monstro. Nunca tantas crian\u00e7as e jovens sofreram de ansiedade e depress\u00e3o.<\/p>\n<\/blockquote>\n<p>Lamentando que as crian\u00e7as t\u00eam cada vez mais dificuldade em ler e concentrar-se, Mette Frederiksen alertou que &#8220;nos ecr\u00e3s, elas veem coisas que nenhuma crian\u00e7a ou jovem deveria ver&#8221;.<\/p>\n<p>No seu discurso, Mette Frederiksen citou n\u00fameros que mostram que 60% dos rapazes entre os 11 e os 19 anos n\u00e3o viam um \u00fanico amigo no seu tempo livre, enquanto 94% das crian\u00e7as dinamarquesas do s\u00e9timo ano tinham um perfil nas redes sociais antes dos 13 anos.<\/p>\n<blockquote>\n<p>Os telem\u00f3veis e as redes sociais est\u00e3o a roubar a inf\u00e2ncia das nossas crian\u00e7as.<\/p>\n<\/blockquote>\n<p><a target=\"_blank\" href=\"https:\/\/pplware.sapo.pt\/wp-content\/uploads\/2025\/06\/crianca_smartphone_redes_sociais.jpg\" onclick=\"refreshIframe()\" class=\"foobox\" rel=\"nofollow noopener\"><img loading=\"lazy\" decoding=\"async\" src=\"https:\/\/www.europesays.com\/pt\/wp-content\/uploads\/2025\/07\/crianca_smartphone_redes_sociais-720x405.jpg\" alt=\"Crian\u00e7a no smartphone, nas redes sociais\" width=\"720\" height=\"405\" class=\"aligncenter wp-image-1064063 size-medium\"  \/><\/a><\/p>\n<p>Ainda que n\u00e3o tenha especificado que redes sociais ser\u00e3o afetadas pelas novas medidas, a primeira-ministra da Dinamarca disse que elas abranger\u00e3o &#8220;v\u00e1rias&#8221; plataformas de redes sociais.<\/p>\n<p>Al\u00e9m disso, informou que ser\u00e1 disponibilizada uma op\u00e7\u00e3o para os pais permitirem que os seus filhos usem as redes sociais a partir dos 13 anos.<\/p>\n<blockquote>\n<p>J\u00e1 disse isso antes e vou repetir: temos sido muito ing\u00e9nuos. Deix\u00e1mos a vida digital das crian\u00e7as a cargo de plataformas que nunca tiveram em mente o seu bem-estar. Temos de passar do cativeiro digital para a comunidade.<\/p>\n<\/blockquote>\n<p>Disse Caroline Stage, ministra da Digitaliza\u00e7\u00e3o da Dinamarca, descrevendo esta futura medida como um &#8220;avan\u00e7o&#8221;.<\/p>\n<p>A entrar em vigor no pr\u00f3ximo ano, previsivelmente, a estrat\u00e9gia dinamarquesa segue o exemplo da Austr\u00e1lia, que <a target=\"_blank\" href=\"https:\/\/pplware.sapo.pt\/tag\/australia\/\" rel=\"nofollow noopener\">fomos acompanhando<\/a>.<\/p>\n<p>Austr\u00e1lia proibiu redes sociais a menores de 16 anos<\/p>\n<p>No \u00e2mbito de uma lei <a target=\"_blank\" href=\"https:\/\/pplware.sapo.pt\/redes_sociais\/australia-proibe-redes-sociais-a-menores-de-16-anos-apos-aprovacao-de-lei-inedita\/\" rel=\"nofollow noopener\">aprovada em novembro<\/a> do ano passado, a Austr\u00e1lia decidiu proibir o acesso a redes sociais a menores de 16 anos.<\/p>\n<p>A lei tornar\u00e1 as plataformas, incluindo o TikTok, Facebook, Snapchat, Reddit, X e Instagram, respons\u00e1veis por multas at\u00e9 50 milh\u00f5es de d\u00f3lares australianos (cerca de 30 milh\u00f5es de euros) por falhas sist\u00e9micas na preven\u00e7\u00e3o de contas de menores de 16 anos.<\/p>\n<p><a target=\"_blank\" href=\"https:\/\/pplware.sapo.pt\/wp-content\/uploads\/2025\/06\/crianca_pc_computador_redes_sociais.jpg\" onclick=\"refreshIframe()\" class=\"foobox\" rel=\"nofollow noopener\"><img loading=\"lazy\" decoding=\"async\" src=\"https:\/\/www.europesays.com\/pt\/wp-content\/uploads\/2025\/10\/crianca_pc_computador_redes_sociais-720x405.jpg\" alt=\"Rapaz no computador\" width=\"720\" height=\"405\" class=\"aligncenter size-medium wp-image-1064064\"  \/><\/a><\/p>\n<p>Segundo Anthony Albanese, primeiro-ministro da Austr\u00e1lia, na altura da aprova\u00e7\u00e3o in\u00e9dita, a lei apoia os pais preocupados com os danos causados pela Internet.<\/p>\n<blockquote>\n<p>As plataformas t\u00eam agora a responsabilidade social de garantir que a seguran\u00e7a dos nossos filhos \u00e9 uma prioridade para elas.<\/p>\n<\/blockquote>\n<p>Entretanto, em junho deste ano, a Austr\u00e1lia revelou os resultados de um teste efetuado a um software que procura assegurar que os menores n\u00e3o contornam as restri\u00e7\u00f5es.<\/p>\n<p>Conforme <a target=\"_blank\" href=\"https:\/\/pplware.sapo.pt\/redes_sociais\/australia-testou-software-para-aplicar-proibicao-das-redes-sociais-a-menores-de-16-anos\/\" rel=\"nofollow noopener\">inform\u00e1mos<\/a>, o teste concluiu que a tecnologia para verificar a idade n\u00e3o \u00e9 &#8220;garantidamente eficaz&#8221; e as ferramentas de reconhecimento facial t\u00eam dado resultados incorretos.<\/p>\n<p>Noruega caminha na mesma dire\u00e7\u00e3o<\/p>\n<p>Depois da Austr\u00e1lia, o primeiro-ministro da Noruega, Jonas Gahr St\u00f8re, disse que iria aplicar um limite m\u00ednimo de idade rigoroso de 15 anos nas redes sociais, aumentando-o do anterior 13.<\/p>\n<p>No ano passado, segundo o <a target=\"_blank\" href=\"https:\/\/www.theguardian.com\/europe\" rel=\"nofollow noopener\">The Guardian<\/a>, Jonas Gahr St\u00f8re disse que seria &#8220;uma batalha dif\u00edcil&#8221;, mas que os pol\u00edticos devem intervir para proteger as crian\u00e7as do &#8220;poder dos algoritmos&#8221;.<\/p>\n<p>\u00a0<\/p>\n<p><strong>Recorde:<\/strong><\/p>\n","protected":false},"excerpt":{"rendered":"A semelhan\u00e7a de uma decis\u00e3o tomada pelo Governo da Austr\u00e1lia, a Dinamarca anunciou que vai proibir as redes&hellip;\n","protected":false},"author":2,"featured_media":103812,"comment_status":"","ping_status":"","sticky":false,"template":"","format":"standard","meta":{"footnotes":""},"categories":[50],"tags":[27,28,4639,15,16,14,25,26,21,22,25096,62,12,13,19,20,23,24,25097,954,17,18,29,30,31,63,64,65],"class_list":{"0":"post-103811","1":"post","2":"type-post","3":"status-publish","4":"format-standard","5":"has-post-thumbnail","7":"category-mundo","8":"tag-breaking-news","9":"tag-breakingnews","10":"tag-dinamarca","11":"tag-featured-news","12":"tag-featurednews","13":"tag-headlines","14":"tag-latest-news","15":"tag-latestnews","16":"tag-main-news","17":"tag-mainnews","18":"tag-menores","19":"tag-mundo","20":"tag-news","21":"tag-noticias","22":"tag-noticias-principais","23":"tag-noticiasprincipais","24":"tag-principais-noticias","25":"tag-principaisnoticias","26":"tag-proibir-redes-sociais","27":"tag-smartphones","28":"tag-top-stories","29":"tag-topstories","30":"tag-ultimas","31":"tag-ultimas-noticias","32":"tag-ultimasnoticias","33":"tag-world","34":"tag-world-news","35":"tag-worldnews"},"share_on_mastodon":{"url":"","error":""},"_links":{"self":[{"href":"https:\/\/www.europesays.com\/pt\/wp-json\/wp\/v2\/posts\/103811","targetHints":{"allow":["GET"]}}],"collection":[{"href":"https:\/\/www.europesays.com\/pt\/wp-json\/wp\/v2\/posts"}],"about":[{"href":"https:\/\/www.europesays.com\/pt\/wp-json\/wp\/v2\/types\/post"}],"author":[{"embeddable":true,"href":"https:\/\/www.europesays.com\/pt\/wp-json\/wp\/v2\/users\/2"}],"replies":[{"embeddable":true,"href":"https:\/\/www.europesays.com\/pt\/wp-json\/wp\/v2\/comments?post=103811"}],"version-history":[{"count":0,"href":"https:\/\/www.europesays.com\/pt\/wp-json\/wp\/v2\/posts\/103811\/revisions"}],"wp:featuredmedia":[{"embeddable":true,"href":"https:\/\/www.europesays.com\/pt\/wp-json\/wp\/v2\/media\/103812"}],"wp:attachment":[{"href":"https:\/\/www.europesays.com\/pt\/wp-json\/wp\/v2\/media?parent=103811"}],"wp:term":[{"taxonomy":"category","embeddable":true,"href":"https:\/\/www.europesays.com\/pt\/wp-json\/wp\/v2\/categories?post=103811"},{"taxonomy":"post_tag","embeddable":true,"href":"https:\/\/www.europesays.com\/pt\/wp-json\/wp\/v2\/tags?post=103811"}],"curies":[{"name":"wp","href":"https:\/\/api.w.org\/{rel}","templated":true}]}}