{"id":103813,"date":"2025-10-09T17:28:09","date_gmt":"2025-10-09T17:28:09","guid":{"rendered":"https:\/\/www.europesays.com\/pt\/103813\/"},"modified":"2025-10-09T17:28:09","modified_gmt":"2025-10-09T17:28:09","slug":"maior-festival-de-baloes-de-ar-quente-esta-quase-a-regressar-ao-alentejo-nit","status":"publish","type":"post","link":"https:\/\/www.europesays.com\/pt\/103813\/","title":{"rendered":"Maior festival de bal\u00f5es de ar quente est\u00e1 quase a regressar ao Alentejo \u2014 NiT"},"content":{"rendered":"<p>O Festival Internacional de Bal\u00f5es de Ar Quente, considerado o maior do Pa\u00eds, vai regressar ao Alto Alentejo entre 8 e 13 de novembro. Ao longo desses seis dias, vai poder participar em voos di\u00e1rios e assistir ao tradicional espet\u00e1culo noturno Night Glow<\/p>\n<p>Os voos livres v\u00e3o acontecer duas vezes por dia, \u00e0s 7 horas e \u00e0s 14h30, sempre que as condi\u00e7\u00f5es meteorol\u00f3gicas o permitam. Para participar, basta adquirir uma pulseira solid\u00e1ria, com um valor de 99\u20ac por pessoa ao fim de semana e 75\u20ac durante a semana (que ser\u00e3o entregues a institui\u00e7\u00f5es e associa\u00e7\u00f5es locais, incluindo os Corpos de Bombeiros Volunt\u00e1rios dos munic\u00edpios aderentes).<\/p>\n<p>A 28.\u00aa edi\u00e7\u00e3o do <a href=\"https:\/\/www.instagram.com\/festival.ibaq\/\" target=\"_blank\" rel=\"nofollow noopener\">festival<\/a> vai contar com a participa\u00e7\u00e3o de cerca de 30 equipas de v\u00e1rios pa\u00edses, como Portugal, Espanha, Fran\u00e7a, Pa\u00edses Baixos e B\u00e9lgica, que v\u00e3o \u201ccolorir os c\u00e9us alentejanos\u201d, como afirma a organiza\u00e7\u00e3o.<\/p>\n<p><strong>Uma das grandes novidades deste ano s\u00e3o os voos cativos, abertos a todas as idades.<\/strong> Nestes, o bal\u00e3o permanece fixo ao solo, realizando apenas subidas e descidas controladas no mesmo local, com uma dura\u00e7\u00e3o aproximada de cinco minutos por subida.\u00a0<\/p>\n<p>\u201cEsta experi\u00eancia \u00e9 especialmente recomendada para fam\u00edlias e crian\u00e7as, combinando aventura, seguran\u00e7a e encanto num s\u00f3 momento\u201d, avan\u00e7a a organiza\u00e7\u00e3o. Os voos cativos poder\u00e3o ser realizados atrav\u00e9s de inscri\u00e7\u00f5es dispon\u00edveis <a href=\"https:\/\/publibalao.com\/fibaq\/\" target=\"_blank\" rel=\"noopener nofollow\">online<\/a>. Ter\u00e3o\u00a0um\u00a0valor simb\u00f3lico de 7\u20ac por pessoa.<\/p>\n<blockquote class=\"instagram-media\" style=\"background: #FFF; border: 0; border-radius: 3px; box-shadow: 0 0 1px 0 rgba(0,0,0,0.5),0 1px 10px 0 rgba(0,0,0,0.15); margin: 1px; max-width: 540px; min-width: 326px; padding: 0; width: calc(100% - 2px);\" data-instgrm-captioned=\"\" data-instgrm-permalink=\"https:\/\/www.instagram.com\/reel\/DPeikuyCDx8\/?utm_source=ig_embed&amp;utm_campaign=loading\" data-instgrm-version=\"14\">\n<\/blockquote>\n<p>J\u00e1 os voos livres permitem uma verdadeira viagem pelos c\u00e9us alentejanos, descolando de um local e aterrando noutro. Cada voo tem a dura\u00e7\u00e3o de at\u00e9 1 hora (atividade total at\u00e9 cerca de 4 horas). No entanto, n\u00e3o s\u00e3o recomendados para gr\u00e1vidas, menores de seis anos, pessoas com problemas card\u00edacos ou \u00f3sseos e pacientes com epilepsia.<\/p>\n<p>Os visitantes v\u00e3o poder assistir tamb\u00e9m\u00a0 ao espet\u00e1culo Night Glow. Neste evento, <strong>balonistas de diferentes pa\u00edses libertam as chamas dos seus bal\u00f5es ao som de m\u00fasica, oferecendo assim um espet\u00e1culo noturno de luz, cor e som.<\/strong><\/p>\n<p>\u201c\u00c9 uma honra regressar com este festival ao Alentejo, que j\u00e1 se realiza h\u00e1 27 edi\u00e7\u00f5es, e continuar a levar a magia de voar a todos os que desejam viver uma experi\u00eancia inesquec\u00edvel\u201d, diz An\u00edbal Soares, primeiro piloto profissional em Portugal, s\u00f3cio-gerente da Publibal\u00e3o e fundador do FIBAQ. \u201cOs objetivos do festival passam por promover a pr\u00e1tica do balonismo em Portugal, refor\u00e7ar o impacto positivo do evento nas localidades aderentes e aumentar o retorno medi\u00e1tico para todos os parceiros envolvidos\u201d, conclui.<\/p>\n<p>O Festival Internacional de Bal\u00f5es de Ar Quente, organizado pela Publibal\u00e3o, teve a sua primeira edi\u00e7\u00e3o em 1997 e assume-se como um dos maiores e mais importantes festivais da Europa. O objetivo \u00e9 promover o balonismo em Portugal entre a comunidade local e, ao mesmo tempo, ajudar causas sociais.<\/p>\n<p>\u00c9 coorganizado pelo Alentejo sem Fronteiras \u2013 Clube de Balonismo, fundado em 2012 e reconhecido como\u00a0<strong>a primeira <\/strong>e \u00fanica escola nacional de pilotos de bal\u00f5es de ar quente, sediada em Fronteira, no Alto Alentejo.<\/p>\n<p>Todos os anos, as receitas dos voos est\u00e3o associadas a campanhas solid\u00e1rias que revertem na totalidade para os Bombeiros Volunt\u00e1rios dos concelhos aderentes.<\/p>\n<p>Carregue na galeria para ver imagens de edi\u00e7\u00f5es anteriores do maior festival de bal\u00f5es de ar quente do Pa\u00eds.<\/p>\n<p>\t\t\t\t<script async src=\"\/\/www.instagram.com\/embed.js\"><\/script><\/p>\n","protected":false},"excerpt":{"rendered":"O Festival Internacional de Bal\u00f5es de Ar Quente, considerado o maior do Pa\u00eds, vai regressar ao Alto Alentejo&hellip;\n","protected":false},"author":2,"featured_media":103814,"comment_status":"","ping_status":"","sticky":false,"template":"","format":"standard","meta":{"footnotes":""},"categories":[10],"tags":[27,28,15,16,14,25,26,21,22,12,13,19,20,32,23,24,33,17,18,29,30,31],"class_list":{"0":"post-103813","1":"post","2":"type-post","3":"status-publish","4":"format-standard","5":"has-post-thumbnail","7":"category-portugal","8":"tag-breaking-news","9":"tag-breakingnews","10":"tag-featured-news","11":"tag-featurednews","12":"tag-headlines","13":"tag-latest-news","14":"tag-latestnews","15":"tag-main-news","16":"tag-mainnews","17":"tag-news","18":"tag-noticias","19":"tag-noticias-principais","20":"tag-noticiasprincipais","21":"tag-portugal","22":"tag-principais-noticias","23":"tag-principaisnoticias","24":"tag-pt","25":"tag-top-stories","26":"tag-topstories","27":"tag-ultimas","28":"tag-ultimas-noticias","29":"tag-ultimasnoticias"},"share_on_mastodon":{"url":"","error":""},"_links":{"self":[{"href":"https:\/\/www.europesays.com\/pt\/wp-json\/wp\/v2\/posts\/103813","targetHints":{"allow":["GET"]}}],"collection":[{"href":"https:\/\/www.europesays.com\/pt\/wp-json\/wp\/v2\/posts"}],"about":[{"href":"https:\/\/www.europesays.com\/pt\/wp-json\/wp\/v2\/types\/post"}],"author":[{"embeddable":true,"href":"https:\/\/www.europesays.com\/pt\/wp-json\/wp\/v2\/users\/2"}],"replies":[{"embeddable":true,"href":"https:\/\/www.europesays.com\/pt\/wp-json\/wp\/v2\/comments?post=103813"}],"version-history":[{"count":0,"href":"https:\/\/www.europesays.com\/pt\/wp-json\/wp\/v2\/posts\/103813\/revisions"}],"wp:featuredmedia":[{"embeddable":true,"href":"https:\/\/www.europesays.com\/pt\/wp-json\/wp\/v2\/media\/103814"}],"wp:attachment":[{"href":"https:\/\/www.europesays.com\/pt\/wp-json\/wp\/v2\/media?parent=103813"}],"wp:term":[{"taxonomy":"category","embeddable":true,"href":"https:\/\/www.europesays.com\/pt\/wp-json\/wp\/v2\/categories?post=103813"},{"taxonomy":"post_tag","embeddable":true,"href":"https:\/\/www.europesays.com\/pt\/wp-json\/wp\/v2\/tags?post=103813"}],"curies":[{"name":"wp","href":"https:\/\/api.w.org\/{rel}","templated":true}]}}