{"id":103837,"date":"2025-10-09T17:47:11","date_gmt":"2025-10-09T17:47:11","guid":{"rendered":"https:\/\/www.europesays.com\/pt\/103837\/"},"modified":"2025-10-09T17:47:11","modified_gmt":"2025-10-09T17:47:11","slug":"varandas-vamos-investir-200-milhoes-de-euros-nas-obras-do-estadio","status":"publish","type":"post","link":"https:\/\/www.europesays.com\/pt\/103837\/","title":{"rendered":"Varandas: \u00abVamos investir 200 milh\u00f5es de euros nas obras do est\u00e1dio\u00bb"},"content":{"rendered":"<p><strong>Frederico Varandas comenta as remodela\u00e7\u00f5es que t\u00eam acontecido no Est\u00e1dio Jos\u00e9 Alvalade e assume que o clube ainda vai investir 150 milh\u00f5es nas obras, a juntar aos 50 milh\u00f5es j\u00e1 investidos, at\u00e9 ao momento. Al\u00e9m disso, o presidente dos le\u00f5es aborda a transforma\u00e7\u00e3o do Alval\u00e1xia, com o objetivo de oferecer \u00abuma experi\u00eancia diferenciadora\u00bb aos adeptos:<\/strong><\/p>\n<p> <strong>Obras no Est\u00e1dio Jos\u00e9 Alvalade<\/strong> <\/p>\n<p>\u00abO est\u00e1dio ainda n\u00e3o est\u00e1 conclu\u00eddo. Come\u00e7ou com as cadeiras e j\u00e1 conseguimos concluir o encerramento do fosso.\u00a0Durante o ano vamos ter os ecr\u00e3s gigantes e um sistema de luzes que n\u00e3o existe em Portugal. Depois arrancamos com a \u00faltima fase, em que fica terminado o Alval\u00e1xia, at\u00e9 2028\/29. \u00c9 um espa\u00e7o comercial que infelizmente, por dificuldades financeiras, foi vendido. Vai permitir ter o maior e mais moderno museu desportivo em Portugal, vamos ter zonas de bar, com intera\u00e7\u00e3o para o Est\u00e1dio. Vamos ter uma &#8220;Loja Verde&#8221; com a dimens\u00e3o que precisamos.\u00bb<\/p>\n<p>\u00abSer\u00e1 uma obra diferenciadora, em que ir ao futebol se torna uma experi\u00eancia completamente diferente. Investimos 50 milh\u00f5es de euros e vamos investir mais 150 milh\u00f5es at\u00e9 2028\/29, mas haver\u00e1 um antes e depois do Sporting. Temos uma vantagem competitiva muito grande face ao Benfica, na localiza\u00e7\u00e3o do Est\u00e1dio Jos\u00e9 Alvalade. Lisboa \u00e9 uma cidade em explos\u00e3o, uma cidade da moda e com \u00f3tima qualidade de vida. A localiza\u00e7\u00e3o do recinto \u00e9 decisiva.\u00bb<\/p>\n<p> <strong>Centraliza\u00e7\u00e3o dos Direitos Televisivos<\/strong> <\/p>\n<p>\u00abAnalisamos o que se passa em Portugal, mas sobretudo na Europa. Neste momento, os direitos televisivos das ligas dom\u00e9sticas est\u00e3o a sofrer e n\u00e3o vai ser um processo nada f\u00e1cil. A conjuntura europeia assim o diz. Os direitos televisivos est\u00e3o a valorizar muito, mas os das grandes competi\u00e7\u00f5es. O Sporting tem de encarar o processo com grande responsabilidade e apoiar de forma construtiva a Liga.\u00bb<\/p>\n","protected":false},"excerpt":{"rendered":"Frederico Varandas comenta as remodela\u00e7\u00f5es que t\u00eam acontecido no Est\u00e1dio Jos\u00e9 Alvalade e assume que o clube ainda&hellip;\n","protected":false},"author":2,"featured_media":40484,"comment_status":"","ping_status":"","sticky":false,"template":"","format":"standard","meta":{"footnotes":""},"categories":[8],"tags":[10028,27,28,11952,15,16,1664,14,25,26,21,22,46,12,13,19,20,32,24942,23,24,33,47,34,17,18,29,30,31],"class_list":{"0":"post-103837","1":"post","2":"type-post","3":"status-publish","4":"format-standard","5":"has-post-thumbnail","7":"category-principais-noticias","8":"tag-alvalaxia","9":"tag-breaking-news","10":"tag-breakingnews","11":"tag-estadio-jose-alvalade","12":"tag-featured-news","13":"tag-featurednews","14":"tag-frederico-varandas","15":"tag-headlines","16":"tag-latest-news","17":"tag-latestnews","18":"tag-main-news","19":"tag-mainnews","20":"tag-maisfutebol","21":"tag-news","22":"tag-noticias","23":"tag-noticias-principais","24":"tag-noticiasprincipais","25":"tag-portugal","26":"tag-portugal-football-summit","27":"tag-principais-noticias","28":"tag-principaisnoticias","29":"tag-pt","30":"tag-pura-paixao","31":"tag-sporting","32":"tag-top-stories","33":"tag-topstories","34":"tag-ultimas","35":"tag-ultimas-noticias","36":"tag-ultimasnoticias"},"share_on_mastodon":{"url":"","error":""},"_links":{"self":[{"href":"https:\/\/www.europesays.com\/pt\/wp-json\/wp\/v2\/posts\/103837","targetHints":{"allow":["GET"]}}],"collection":[{"href":"https:\/\/www.europesays.com\/pt\/wp-json\/wp\/v2\/posts"}],"about":[{"href":"https:\/\/www.europesays.com\/pt\/wp-json\/wp\/v2\/types\/post"}],"author":[{"embeddable":true,"href":"https:\/\/www.europesays.com\/pt\/wp-json\/wp\/v2\/users\/2"}],"replies":[{"embeddable":true,"href":"https:\/\/www.europesays.com\/pt\/wp-json\/wp\/v2\/comments?post=103837"}],"version-history":[{"count":0,"href":"https:\/\/www.europesays.com\/pt\/wp-json\/wp\/v2\/posts\/103837\/revisions"}],"wp:featuredmedia":[{"embeddable":true,"href":"https:\/\/www.europesays.com\/pt\/wp-json\/wp\/v2\/media\/40484"}],"wp:attachment":[{"href":"https:\/\/www.europesays.com\/pt\/wp-json\/wp\/v2\/media?parent=103837"}],"wp:term":[{"taxonomy":"category","embeddable":true,"href":"https:\/\/www.europesays.com\/pt\/wp-json\/wp\/v2\/categories?post=103837"},{"taxonomy":"post_tag","embeddable":true,"href":"https:\/\/www.europesays.com\/pt\/wp-json\/wp\/v2\/tags?post=103837"}],"curies":[{"name":"wp","href":"https:\/\/api.w.org\/{rel}","templated":true}]}}