{"id":103838,"date":"2025-10-09T17:48:09","date_gmt":"2025-10-09T17:48:09","guid":{"rendered":"https:\/\/www.europesays.com\/pt\/103838\/"},"modified":"2025-10-09T17:48:09","modified_gmt":"2025-10-09T17:48:09","slug":"reconciliacao-pastor-tenta-juntar-sonia-jesus-e-vitor-soares-de-novo-iria-casa-los","status":"publish","type":"post","link":"https:\/\/www.europesays.com\/pt\/103838\/","title":{"rendered":"Reconcilia\u00e7\u00e3o? Pastor tenta juntar S\u00f3nia Jesus e V\u00edtor Soares de novo: &#8220;Iria cas\u00e1-los&#8230;&#8221;"},"content":{"rendered":"<p>Na edi\u00e7\u00e3o de estreia do programa \u2018Tarde das Estrelas\u2019, da CMTV, desta quinta-feira, 9 de outubro, \u00c1gata Rodrigues revelou uma informa\u00e7\u00e3o exclusiva relacionada com o fim da rela\u00e7\u00e3o de S\u00f3nia Jesus e V\u00edtor Soares.<\/p>\n<p>A apresentadora come\u00e7ou por dizer que Vit\u00f3, como tamb\u00e9m \u00e9 conhecido, \u201c<strong>quis a separa\u00e7\u00e3o e saiu de casa, deixando S\u00f3nia profundamente desiludida e magoada<\/strong>\u201c. \u00c1gata adiantou tamb\u00e9m que V\u00edtor \u201c<strong>n\u00e3o quer pensar na reconcilia\u00e7\u00e3o<\/strong>\u201c.<\/p>\n<p>No entanto, h\u00e1 aqui um pormenor que pode mudar tudo: \u201c<strong>O \u2018Tarde das Estrelas\u2019 tem aqui uma informa\u00e7\u00e3o exclusiva e temos ali\u00e1s uma fotografia. S\u00f3nia e Vit\u00f3 t\u00eam em comum a f\u00e9, a religi\u00e3o, e uma pessoa importante: este pastor Adeildo Silva. Esta fotografia \u00e9 exclusiva do \u2018Tarde das Estrelas\u2019 onde vemos Vit\u00f3 e o pastor. O que \u00e9 que acaba por acontecer? Ambos visitaram recentemente este pastor<\/strong>\u201c.<\/p>\n<p>\u00c1gata Rodrigues explicou que S\u00f3nia e V\u00edtor estiveram com o mesmo pastor \u201c<strong>com um dia de diferen\u00e7a<\/strong>\u201c: \u201c<strong>E sabemos tamb\u00e9m que este pastor era o pastor que iria cas\u00e1-los<\/strong>\u201c.<\/p>\n<p><strong>Leia tamb\u00e9m:\u00a0<\/strong><a href=\"https:\/\/www.hiper.fm\/vitor-soares-reage-a-separacao-de-sonia-jesus-diz-que-e-a-mulher-da-vida-dele\/\" target=\"_blank\" rel=\"noopener nofollow\">V\u00edtor Soares reage \u00e0 separa\u00e7\u00e3o de S\u00f3nia Jesus: \u201cDiz que \u00e9 a mulher da vida dele\u2026\u201d<\/a><\/p>\n<p>Veja em baixo:<\/p>\n<p><img loading=\"lazy\" decoding=\"async\" class=\"alignnone wp-image-642350 size-full\" src=\"https:\/\/www.europesays.com\/pt\/wp-content\/uploads\/2025\/10\/Captura-de-ecra-2025-10-09-163512.png\" alt=\"\" width=\"1200\" height=\"636\"  \/><\/p>\n","protected":false},"excerpt":{"rendered":"Na edi\u00e7\u00e3o de estreia do programa \u2018Tarde das Estrelas\u2019, da CMTV, desta quinta-feira, 9 de outubro, \u00c1gata Rodrigues&hellip;\n","protected":false},"author":2,"featured_media":103839,"comment_status":"","ping_status":"","sticky":false,"template":"","format":"standard","meta":{"footnotes":""},"categories":[145],"tags":[211,210,114,115,10351,32,33,25098,20528,25099],"class_list":{"0":"post-103838","1":"post","2":"type-post","3":"status-publish","4":"format-standard","5":"has-post-thumbnail","7":"category-celebridades","8":"tag-celebridades","9":"tag-celebrities","10":"tag-entertainment","11":"tag-entretenimento","12":"tag-pastor","13":"tag-portugal","14":"tag-pt","15":"tag-reconciliau00e7u00e3o","16":"tag-sonia-jesus","17":"tag-vitor-soares"},"share_on_mastodon":{"url":"","error":""},"_links":{"self":[{"href":"https:\/\/www.europesays.com\/pt\/wp-json\/wp\/v2\/posts\/103838","targetHints":{"allow":["GET"]}}],"collection":[{"href":"https:\/\/www.europesays.com\/pt\/wp-json\/wp\/v2\/posts"}],"about":[{"href":"https:\/\/www.europesays.com\/pt\/wp-json\/wp\/v2\/types\/post"}],"author":[{"embeddable":true,"href":"https:\/\/www.europesays.com\/pt\/wp-json\/wp\/v2\/users\/2"}],"replies":[{"embeddable":true,"href":"https:\/\/www.europesays.com\/pt\/wp-json\/wp\/v2\/comments?post=103838"}],"version-history":[{"count":0,"href":"https:\/\/www.europesays.com\/pt\/wp-json\/wp\/v2\/posts\/103838\/revisions"}],"wp:featuredmedia":[{"embeddable":true,"href":"https:\/\/www.europesays.com\/pt\/wp-json\/wp\/v2\/media\/103839"}],"wp:attachment":[{"href":"https:\/\/www.europesays.com\/pt\/wp-json\/wp\/v2\/media?parent=103838"}],"wp:term":[{"taxonomy":"category","embeddable":true,"href":"https:\/\/www.europesays.com\/pt\/wp-json\/wp\/v2\/categories?post=103838"},{"taxonomy":"post_tag","embeddable":true,"href":"https:\/\/www.europesays.com\/pt\/wp-json\/wp\/v2\/tags?post=103838"}],"curies":[{"name":"wp","href":"https:\/\/api.w.org\/{rel}","templated":true}]}}